{"id":214662,"date":"2012-04-02T13:48:09","date_gmt":"2012-04-02T11:48:09","guid":{"rendered":"http:\/\/www.ivg.it\/?p=214662"},"modified":"2012-04-02T21:34:36","modified_gmt":"2012-04-02T19:34:36","slug":"pasqua-senza-certezze-per-i-lavoratori-della-fac-senza-prospettive-sul-futuro-non-uscira-nessuna-tazzina-dallo-stabilimento","status":"publish","type":"post","link":"https:\/\/staging.ivg.it\/2012\/04\/pasqua-senza-certezze-per-i-lavoratori-della-fac-senza-prospettive-sul-futuro-non-uscira-nessuna-tazzina-dallo-stabilimento\/","title":{"rendered":"Pasqua senza certezze per i lavoratori della Fac: &#8220;Senza prospettive sul futuro, non uscir\u00e0 nessuna tazzina dallo stabilimento&#8221;"},"content":{"rendered":"<p><strong>Albisola Superiore. <\/strong>Nuovo incontro sul futuro della Fac questa mattina tra maestranze, delegati sindacali e liquidatore presso la fabbrica occupata. Dopo la messa in liquidazione, il commercialista incaricato Gianfranco Gabriel sta procedendo alla definizione dell&#8217;assetto debitorio che ha messo in ginocchio la storica azienda specializzata nella produzione in ceramiche industriali.<\/p>\n<p>Il liquidatore ha chiesto la possibilit\u00e0 di smuovere un ordine della Nestl\u00e8, per il valore di 60 mila euro: una serie di tazzine gi\u00e0 stoccate e pronte per essere inviate al cliente. La risposta di sindacati e lavoratori \u00e8 stata negativa: &#8220;Chiediamo prima di conoscere la situazione e sapere delle procedure che verranno avviate per lo stabilimento&#8230; Da qui per ora non parte niente&#8221;.<\/p>\n<p>Gli oltre 140 dipendenti della fabbrica non hanno ancora avuto notizie precise sullo stato patrimoniale dell&#8217;azienda, mentre le organizzazioni sindacali premono per la procedura fallimentare, in modo da offrire alcune garanzie ai lavoratori sotto la gestione di un curatore nominato dal tribunale.<\/p>\n<p>Il liquidatore Gabriel, appena insediato, sta completando la documentazione sui numeri finanziari, salute patrimoniale, ordinativi e debiti (schiacchianti i costi energetici). Un nuovo incontro si svolger\u00e0 dopo Pasqua. Con la liquidazione dovrebbe essere aperto un conto per trasferire risorse ai lavoratori con gli ordini gi\u00e0 eseguiti: le spettanze ai lavoratori per il solo mese di dicembre ammontano a 200 mila euro. <\/p>\n<p>Per questo pomeriggio, alle ore 18:00, \u00e8 in programma la visita della Rsu e di una delegazione dei lavoratori della Ocv di Vado Ligure, azienda colpita dalla crisi e che chiuder\u00e0 i battenti dal prossimo mese di giugno, con la relativa perdita del posto di lavoro per i 125 lavoratori. I dipendenti della Ocv porteranno la loro solidariet\u00e0 ai lavoratori della Fac e consegneranno una busta con del denaro frutto di una sottoscrizione con raccolta fondi destinata proprio all&#8217;azienda albisolese.<\/p>\n","protected":false},"excerpt":{"rendered":"<p>Albisola Superiore. Nuovo incontro sul futuro della Fac questa mattina tra maestranze, delegati sindacali e liquidatore presso la fabbrica occupata. Dopo la messa in liquidazione, il commercialista incaricato Gianfranco Gabriel sta procedendo alla definizione dell&#8217;assetto debitorio che ha messo in ginocchio la storica azienda specializzata nella produzione in ceramiche industriali. Il liquidatore ha chiesto la [&hellip;]<\/p>\n","protected":false},"author":13744,"featured_media":0,"comment_status":"open","ping_status":"closed","sticky":false,"template":"","format":"standard","meta":{"footnotes":""},"categories":[35],"tags":[432,595,7268,1817],"class_list":["post-214662","post","type-post","status-publish","format-standard","hentry","category-economia","tag-albisola","tag-crisi","tag-fac","tag-industria","post_cat_citta-albisola-superiore"],"amp_validity":null,"amp_enabled":true,"_links":{"self":[{"href":"https:\/\/staging.ivg.it\/ediapi\/wp\/v2\/posts\/214662","targetHints":{"allow":["GET"]}}],"collection":[{"href":"https:\/\/staging.ivg.it\/ediapi\/wp\/v2\/posts"}],"about":[{"href":"https:\/\/staging.ivg.it\/ediapi\/wp\/v2\/types\/post"}],"author":[{"embeddable":true,"href":"https:\/\/staging.ivg.it\/ediapi\/wp\/v2\/users\/13744"}],"replies":[{"embeddable":true,"href":"https:\/\/staging.ivg.it\/ediapi\/wp\/v2\/comments?post=214662"}],"version-history":[{"count":0,"href":"https:\/\/staging.ivg.it\/ediapi\/wp\/v2\/posts\/214662\/revisions"}],"wp:attachment":[{"href":"https:\/\/staging.ivg.it\/ediapi\/wp\/v2\/media?parent=214662"}],"wp:term":[{"taxonomy":"category","embeddable":true,"href":"https:\/\/staging.ivg.it\/ediapi\/wp\/v2\/categories?post=214662"},{"taxonomy":"post_tag","embeddable":true,"href":"https:\/\/staging.ivg.it\/ediapi\/wp\/v2\/tags?post=214662"}],"curies":[{"name":"wp","href":"https:\/\/api.w.org\/{rel}","templated":true}]}}