{"id":214157,"date":"2012-03-26T10:36:54","date_gmt":"2012-03-26T08:36:54","guid":{"rendered":"http:\/\/www.ivg.it\/?p=214157"},"modified":"2012-03-26T14:09:02","modified_gmt":"2012-03-26T12:09:02","slug":"a10-domani-chiusura-raccordo-savona-per-chi-proviene-da-genova","status":"publish","type":"post","link":"https:\/\/staging.ivg.it\/2012\/03\/a10-domani-chiusura-raccordo-savona-per-chi-proviene-da-genova\/","title":{"rendered":"A10, domani chiusura raccordo Savona per chi proviene da Genova"},"content":{"rendered":"<p>Autostrade per l&#8217;Italia ha annunciato che sull&#8217;A10 Genova-Savona, per lavori di pavimentazione all&#8217;altezza dell&#8217;uscita di Savona, dalle ore 22:00 di marted\u00ec 27 alle 06:00 di mercoled\u00ec 28 marzo, sar\u00e0 chiuso al traffico il Raccordo autostradale per Savona a chi proviene da Genova e da Torino. <\/p>\n<p>In alternativa, sull&#8217;A10 si pu\u00f2 anticipare l&#8217;uscita ad Albisola, mentre chi \u00e8 in viaggio sull&#8217;A6 pu\u00f2 uscire alla stazione di Calcare-Altare. Sar\u00e0 regolarmente aperto, invece, il bivio d&#8217;interconnessione A10-A6. La notizia della chiusura sar\u00e0 diffusa attraverso i notiziari radiofonici e sui pannelli a messaggio variabile.<\/p>\n","protected":false},"excerpt":{"rendered":"<p>Autostrade per l&#8217;Italia ha annunciato che sull&#8217;A10 Genova-Savona, per lavori di pavimentazione all&#8217;altezza dell&#8217;uscita di Savona, dalle ore 22:00 di marted\u00ec 27 alle 06:00 di mercoled\u00ec 28 marzo, sar\u00e0 chiuso al traffico il Raccordo autostradale per Savona a chi proviene da Genova e da Torino. In alternativa, sull&#8217;A10 si pu\u00f2 anticipare l&#8217;uscita ad Albisola, mentre [&hellip;]<\/p>\n","protected":false},"author":13744,"featured_media":0,"comment_status":"open","ping_status":"closed","sticky":false,"template":"","format":"standard","meta":{"footnotes":""},"categories":[],"tags":[789,590,85850],"class_list":["post-214157","post","type-post","status-publish","format-standard","hentry","tag-a10","tag-autostrada","tag-savona","post_cat_citta-savona"],"amp_validity":null,"amp_enabled":true,"_links":{"self":[{"href":"https:\/\/staging.ivg.it\/ediapi\/wp\/v2\/posts\/214157","targetHints":{"allow":["GET"]}}],"collection":[{"href":"https:\/\/staging.ivg.it\/ediapi\/wp\/v2\/posts"}],"about":[{"href":"https:\/\/staging.ivg.it\/ediapi\/wp\/v2\/types\/post"}],"author":[{"embeddable":true,"href":"https:\/\/staging.ivg.it\/ediapi\/wp\/v2\/users\/13744"}],"replies":[{"embeddable":true,"href":"https:\/\/staging.ivg.it\/ediapi\/wp\/v2\/comments?post=214157"}],"version-history":[{"count":0,"href":"https:\/\/staging.ivg.it\/ediapi\/wp\/v2\/posts\/214157\/revisions"}],"wp:attachment":[{"href":"https:\/\/staging.ivg.it\/ediapi\/wp\/v2\/media?parent=214157"}],"wp:term":[{"taxonomy":"category","embeddable":true,"href":"https:\/\/staging.ivg.it\/ediapi\/wp\/v2\/categories?post=214157"},{"taxonomy":"post_tag","embeddable":true,"href":"https:\/\/staging.ivg.it\/ediapi\/wp\/v2\/tags?post=214157"}],"curies":[{"name":"wp","href":"https:\/\/api.w.org\/{rel}","templated":true}]}}