{"id":214117,"date":"2012-03-24T18:17:32","date_gmt":"2012-03-24T17:17:32","guid":{"rendered":"http:\/\/www.ivg.it\/?p=214117"},"modified":"2012-03-25T17:37:20","modified_gmt":"2012-03-25T15:37:20","slug":"fionda-di-legno-a-roberto-vecchioni-questo-premio-e-il-simbolo-dellarma-che-colpiva-i-potenti-a-confronto-sanremo-non-conta-un-c","status":"publish","type":"post","link":"https:\/\/staging.ivg.it\/2012\/03\/fionda-di-legno-a-roberto-vecchioni-questo-premio-e-il-simbolo-dellarma-che-colpiva-i-potenti-a-confronto-sanremo-non-conta-un-c\/","title":{"rendered":"Fionda di Legno a Roberto Vecchioni: &#8220;Questo premio \u00e8 il simbolo dell&#8217;arma che colpiva i potenti, a confronto Sanremo non conta un c&#8230;&#8221;"},"content":{"rendered":"<p><strong>Albenga<\/strong>. Musica, poesia, atmosfera, socialit\u00e0 e tradizione. Ci sono tutti gli ingredienti nel giorno della &#8220;Fionda di Legno&#8221; edizione 2012 e della premiazione di Roberto Vecchioni. Il cantautore, sul palco dell&#8217;Ambra, non ha risparmiato commenti al vetriolo e pieni di ironia. &#8220;Sanremo non conta un c&#8230; a confronto &#8211; ha esordito &#8211; L\u00ec non sapevo cosa facevo, qui invece s\u00ec. E&#8217; un premio che ricevo e accolgo perch\u00e9 \u00e8 il simbolo di un&#8217;arma che colpiva i potenti&#8221;.<\/p>\n<p>&#8220;Torner\u00f2 qui anche l&#8217;anno prossimo &#8211; ha aggiunto &#8211; Se sar\u00e0 premiato un uomo di cultura, legger\u00f2 le sue poesie; se sar\u00e0 un cantante, onorer\u00f2 le sue canzoni&#8221;. Una celebrazione dell&#8217;autenticit\u00e0, sottolineata cos\u00ec: &#8220;Noi italiani non crediamo pi\u00f9 a quello che ci viene detto, perch\u00e9 la tv ci racconta una marea di bugie&#8221;.<\/p>\n<p>Poi l&#8217;appello ai giovani: &#8220;Non seguite la scia, non restate seduti, quando una cosa non va bisogna protestare&#8221;. E ancora: &#8220;Bisogna avere il coraggio di essere contro&#8221;.<\/p>\n<p>La Fionda di Legno \u00e8 un evento che ormai ha superato di gran lunga i confini locali, come conferma l&#8217;assessore regionale Angelo Berlangieri: &#8220;E&#8217; un appuntamento ormai radicato nel territorio albenganese, ma anche savonese e ligure &#8211; sottolinea &#8211; Ne abbiamo fatto la presentazione a Genova proprio a significarne il valore regionale. Grandi protagonisti e personaggi, ma anche la dimostrazione come l&#8217;attivit\u00e0 del volontariato in Liguria sia un asse portante dell&#8217;offerta culturale e turistica&#8221;.<\/p>\n<p>I Fieui di Carrugi sono riusciti a mettere insieme valori storici e mezzi contemporanei, tanto da meritarsi quest&#8217;anno anche una medaglia di rappresentanza fatta pervenire dal presidente della Repubblica, Giorgio Napolitano. &#8220;Sono persono eccezionali &#8211; afferma il presidente provinciale Angelo Vaccarezza &#8211; Riescono a coniugare il sociale con la promozione e con il recupero delle nostre radici. Fanno rivivere le tradizioni dei carrugi. Si tratta infatti di un&#8217;operazione di visibilit\u00e0 e socialit\u00e0: quello che si sta facendo ad Albenga non l&#8217;ho mai visto fare da nessuna parte&#8221;.<\/p>\n<p>&#8220;Le localit\u00e0 della Liguria hanno i loro carrugi, ma solo Albenga ha i suoi Fieui &#8211; osserva il sindaco Rosy Guarnieri &#8211; Vecchioni \u00e8 un grande amico, lo conosco da tempo. Ci siamo mantenuti sempre in contatto da uno storico concerto che realizz\u00f2 all&#8217;Oasi. Ad ogni concerto nella zona non manchiamo di salutarci. Quindi, ben tornato Vecchioni&#8221;.<\/p>\n<p>Antonio Ricci, ispiratore del premio Fionda di Legno, \u00e8 soddisfatto per il riconoscimento assegnato al cantautore: &#8220;La Fionda \u00e8 pi\u00f9 che meritata perch\u00e9 \u00e8 un personaggio di fama il cui impegno civile \u00e8 sempre stato presente. Ricordo perfettamente il giorno in cui ci siamo incontrati per la prima volta: nel 1973 ci trovammo assieme in un &#8216;Club Tenco&#8217;, e mettemmo in scena lo spettacolo dal titolo &#8216;Lo studente e il professore&#8217;: io ovviamente interpretai lo studente, lui gi\u00e0 ai tempi era il professore&#8221;.<\/p>\n<p>E&#8217; per la cornice della premiazione ad avere una nota dolente: lo storico cinema-teatro Ambra, infatti, potrebbe chiudere a breve. Gi\u00e0 terminata l&#8217;attivit\u00e0 cinematografica, anche le rappresentazioni potrebbero venir meno in poco tempo. I costi di gestione, soprattutto l\u2019affitto, sono troppo alti e fuori mercato. A questo si aggiunga che i proiettori saranno presto resi obsoleti dal passaggio dalla pellicola al digitale, con ulteriore spesa per il gestore. Gino Rapa, a inizio manifestazione, ha ricordato che questa potrebbe essere l&#8217;ultima Fionda di Legno all&#8217;Ambra e che l&#8217;impegno dei Fieui sar\u00e0 massimo per salvare il cinema-teatro nel centro storico.<\/p>\n","protected":false},"excerpt":{"rendered":"<p>Albenga. Musica, poesia, atmosfera, socialit\u00e0 e tradizione. Ci sono tutti gli ingredienti nel giorno della &#8220;Fionda di Legno&#8221; edizione 2012 e della premiazione di Roberto Vecchioni. Il cantautore, sul palco dell&#8217;Ambra, non ha risparmiato commenti al vetriolo e pieni di ironia. &#8220;Sanremo non conta un c&#8230; a confronto &#8211; ha esordito &#8211; L\u00ec non sapevo [&hellip;]<\/p>\n","protected":false},"author":13744,"featured_media":0,"comment_status":"open","ping_status":"closed","sticky":false,"template":"","format":"standard","meta":{"footnotes":""},"categories":[56],"tags":[85841,15517,2317,2556,12716,9471,826,24148],"class_list":["post-214117","post","type-post","status-publish","format-standard","hentry","category-altre","tag-albenga","tag-angelo-berlangieri","tag-angelo-vaccarezza","tag-antonio-ricci","tag-fieui-di-caruggi","tag-fionda-di-legno","tag-musica","tag-roberto-vecchioni","post_cat_citta-albenga"],"amp_validity":null,"amp_enabled":true,"_links":{"self":[{"href":"https:\/\/staging.ivg.it\/ediapi\/wp\/v2\/posts\/214117","targetHints":{"allow":["GET"]}}],"collection":[{"href":"https:\/\/staging.ivg.it\/ediapi\/wp\/v2\/posts"}],"about":[{"href":"https:\/\/staging.ivg.it\/ediapi\/wp\/v2\/types\/post"}],"author":[{"embeddable":true,"href":"https:\/\/staging.ivg.it\/ediapi\/wp\/v2\/users\/13744"}],"replies":[{"embeddable":true,"href":"https:\/\/staging.ivg.it\/ediapi\/wp\/v2\/comments?post=214117"}],"version-history":[{"count":0,"href":"https:\/\/staging.ivg.it\/ediapi\/wp\/v2\/posts\/214117\/revisions"}],"wp:attachment":[{"href":"https:\/\/staging.ivg.it\/ediapi\/wp\/v2\/media?parent=214117"}],"wp:term":[{"taxonomy":"category","embeddable":true,"href":"https:\/\/staging.ivg.it\/ediapi\/wp\/v2\/categories?post=214117"},{"taxonomy":"post_tag","embeddable":true,"href":"https:\/\/staging.ivg.it\/ediapi\/wp\/v2\/tags?post=214117"}],"curies":[{"name":"wp","href":"https:\/\/api.w.org\/{rel}","templated":true}]}}