{"id":214049,"date":"2012-03-23T12:10:43","date_gmt":"2012-03-23T11:10:43","guid":{"rendered":"http:\/\/www.ivg.it\/?p=214049"},"modified":"2012-03-24T09:58:11","modified_gmt":"2012-03-24T08:58:11","slug":"inchiesta-carioca-antonio-fameli-trasferito-al-carcere-di-marassi","status":"publish","type":"post","link":"https:\/\/staging.ivg.it\/2012\/03\/inchiesta-carioca-antonio-fameli-trasferito-al-carcere-di-marassi\/","title":{"rendered":"Inchiesta Carioca: Antonio Fameli trasferito al carcere di Marassi"},"content":{"rendered":"<p><strong>Loano<\/strong>. Antonio Fameli \u00e8 stato trasferito dal carcere di Savona all&#8217;infermeria del carcere di Marassi a Genova. Il 74enne faccendiere calabrese arrestato due settimane fa dalla squadra mobile di Savona nell&#8217;ambito dell&#8217;inchiesta &#8220;Carioca&#8221; su riciclaggio di denaro e altri reati di natura fiscale.<\/p>\n<p>Nel frattempo i giudici del tribunale del riesame di Genova ai quali si erano rivolti i suoi legali Gianmaria Gandolfo e Maurizio Frizzi, oggi si sono riservati di decidere sull&#8217; istanza di scarcerazione. L&#8217;istanza \u00e8 stata discussa questa mattina: per oltre due ora i difensori di Fameli hanno esposto le loro motivazioni al giudice.\u00a0 Secondo gli avvocati Gandolfo e Frizzi non sussisterebbero pi\u00f9 le esigenze cautelari. Al termine dell&#8217;udienza hanno poi consegnato un lungo memoriale nel quale vengono ripercorse le varie accuse mosse all&#8217;imprenditore di origini calabresi.<\/p>\n<p>&#8220;Abbiamo spiegato le nostre ragioni &#8211; ha detto l&#8217;avvocato Gandolfo &#8211; perch\u00e9 non crediamo vi sia un&#8217;ulteriore necessit\u00e0 di confermare ancora la misura cautelare di un uomo di quell&#8217;et\u00e0 e con problemi di salute. Il nostro assistito ha dei problemi cardiaci, ha due bypass e un pacemaker. Secondo il nostro punto di vista non esiste n\u00e9 il pericolo di fuga, n\u00e9 la reiterazione dei reati o di inquinamento delle prove&#8221;.<\/p>\n<p>Richiesta la scarcerazione anche per un altro dei 16 indagati coinvolti nella vicenda, il commercialista di Alassio Carlo Ciccione, 63 anni. Anche in questo caso i giudici genovesi si sono riservati una decisione.<\/p>\n","protected":false},"excerpt":{"rendered":"<p>Loano. Antonio Fameli \u00e8 stato trasferito dal carcere di Savona all&#8217;infermeria del carcere di Marassi a Genova. Il 74enne faccendiere calabrese arrestato due settimane fa dalla squadra mobile di Savona nell&#8217;ambito dell&#8217;inchiesta &#8220;Carioca&#8221; su riciclaggio di denaro e altri reati di natura fiscale. Nel frattempo i giudici del tribunale del riesame di Genova ai quali [&hellip;]<\/p>\n","protected":false},"author":13744,"featured_media":0,"comment_status":"open","ping_status":"closed","sticky":false,"template":"","format":"standard","meta":{"footnotes":""},"categories":[34],"tags":[31670,39247,85827,2955],"class_list":["post-214049","post","type-post","status-publish","format-standard","hentry","category-cronaca","tag-antonio-fameli","tag-carioca","tag-loano","tag-riciclaggio","post_cat_citta-borghetto-santo-spirito","post_cat_citta-ceriale","post_cat_citta-loano"],"amp_validity":null,"amp_enabled":true,"_links":{"self":[{"href":"https:\/\/staging.ivg.it\/ediapi\/wp\/v2\/posts\/214049","targetHints":{"allow":["GET"]}}],"collection":[{"href":"https:\/\/staging.ivg.it\/ediapi\/wp\/v2\/posts"}],"about":[{"href":"https:\/\/staging.ivg.it\/ediapi\/wp\/v2\/types\/post"}],"author":[{"embeddable":true,"href":"https:\/\/staging.ivg.it\/ediapi\/wp\/v2\/users\/13744"}],"replies":[{"embeddable":true,"href":"https:\/\/staging.ivg.it\/ediapi\/wp\/v2\/comments?post=214049"}],"version-history":[{"count":0,"href":"https:\/\/staging.ivg.it\/ediapi\/wp\/v2\/posts\/214049\/revisions"}],"wp:attachment":[{"href":"https:\/\/staging.ivg.it\/ediapi\/wp\/v2\/media?parent=214049"}],"wp:term":[{"taxonomy":"category","embeddable":true,"href":"https:\/\/staging.ivg.it\/ediapi\/wp\/v2\/categories?post=214049"},{"taxonomy":"post_tag","embeddable":true,"href":"https:\/\/staging.ivg.it\/ediapi\/wp\/v2\/tags?post=214049"}],"curies":[{"name":"wp","href":"https:\/\/api.w.org\/{rel}","templated":true}]}}