{"id":214013,"date":"2012-03-23T09:28:10","date_gmt":"2012-03-23T08:28:10","guid":{"rendered":"http:\/\/www.ivg.it\/?p=214013"},"modified":"2012-03-23T13:54:49","modified_gmt":"2012-03-23T12:54:49","slug":"albenga-romeno-trovato-senza-vita-nella-roulotte-lautopsia-conferma-la-tesi-della-morte-naturale","status":"publish","type":"post","link":"https:\/\/staging.ivg.it\/2012\/03\/albenga-romeno-trovato-senza-vita-nella-roulotte-lautopsia-conferma-la-tesi-della-morte-naturale\/","title":{"rendered":"Albenga, romeno senza vita nella roulotte: l&#8217;autopsia conferma la tesi della morte naturale"},"content":{"rendered":"<p><strong>Albenga.<\/strong> L&#8217;autopsia sul corpo di Petre Neagu, il sessantacinquenne rumeno trovato morto la settimana scorsa nella sua roulotte in regione Pontelungo inferiore, conferma la tesi della morte naturale. <\/p>\n<p>Nessun segno di violenza sul suo corpo, dunque, cos\u00ec come riferito fin dalle primissime ore dai carabinieri ingauni. A sollevare qualche dubbio, nei giorni scorsi, era stata la famiglia dell&#8217;uomo che aveva rilevato stranezze sospette come la sparizione di telefoni cellulari, soldi e chiavi dal caravan dell&#8217;uomo. <\/p>\n<p>Servir\u00e0 comunque ancora qualche giorno per avere la certezza definitiva dell\u2019ipotesi di un decesso naturale. L\u2019ultima conferma dovrebbe arrivare dai risultati delle prove tossicologiche.<\/p>\n<p>Terminati gli accertamenti, la magistratura ha rilasciato il nulla osta alla sepoltura e il feretro \u00e8 stato riconsegnato alla famiglia. Il funerale si svolger\u00e0 domani alle 14,30 nel cimitero di Leca d&#8217;Albenga. Neagu era arrivato nella citt\u00e0 delle torri circa sette anni fa e aveva sempre vissuto nella roulotte parcheggiata da tempo in zona Pontelungo.<\/p>\n","protected":false},"excerpt":{"rendered":"<p>Albenga. L&#8217;autopsia sul corpo di Petre Neagu, il sessantacinquenne rumeno trovato morto la settimana scorsa nella sua roulotte in regione Pontelungo inferiore, conferma la tesi della morte naturale. Nessun segno di violenza sul suo corpo, dunque, cos\u00ec come riferito fin dalle primissime ore dai carabinieri ingauni. A sollevare qualche dubbio, nei giorni scorsi, era stata [&hellip;]<\/p>\n","protected":false},"author":13744,"featured_media":0,"comment_status":"open","ping_status":"closed","sticky":false,"template":"","format":"standard","meta":{"footnotes":""},"categories":[34],"tags":[85841,228,9746,11492],"class_list":["post-214013","post","type-post","status-publish","format-standard","hentry","category-cronaca","tag-albenga","tag-carabinieri","tag-romeno","tag-roulotte","post_cat_citta-albenga"],"amp_validity":null,"amp_enabled":true,"_links":{"self":[{"href":"https:\/\/staging.ivg.it\/ediapi\/wp\/v2\/posts\/214013","targetHints":{"allow":["GET"]}}],"collection":[{"href":"https:\/\/staging.ivg.it\/ediapi\/wp\/v2\/posts"}],"about":[{"href":"https:\/\/staging.ivg.it\/ediapi\/wp\/v2\/types\/post"}],"author":[{"embeddable":true,"href":"https:\/\/staging.ivg.it\/ediapi\/wp\/v2\/users\/13744"}],"replies":[{"embeddable":true,"href":"https:\/\/staging.ivg.it\/ediapi\/wp\/v2\/comments?post=214013"}],"version-history":[{"count":0,"href":"https:\/\/staging.ivg.it\/ediapi\/wp\/v2\/posts\/214013\/revisions"}],"wp:attachment":[{"href":"https:\/\/staging.ivg.it\/ediapi\/wp\/v2\/media?parent=214013"}],"wp:term":[{"taxonomy":"category","embeddable":true,"href":"https:\/\/staging.ivg.it\/ediapi\/wp\/v2\/categories?post=214013"},{"taxonomy":"post_tag","embeddable":true,"href":"https:\/\/staging.ivg.it\/ediapi\/wp\/v2\/tags?post=214013"}],"curies":[{"name":"wp","href":"https:\/\/api.w.org\/{rel}","templated":true}]}}