{"id":213966,"date":"2012-03-22T15:37:32","date_gmt":"2012-03-22T14:37:32","guid":{"rendered":"http:\/\/www.ivg.it\/?p=213966"},"modified":"2012-03-22T15:37:32","modified_gmt":"2012-03-22T14:37:32","slug":"trasporto-pubblico-sciopero-del-27-marzo-disagi-per-i-bus","status":"publish","type":"post","link":"https:\/\/staging.ivg.it\/2012\/03\/trasporto-pubblico-sciopero-del-27-marzo-disagi-per-i-bus\/","title":{"rendered":"Trasporto pubblico: sciopero del 27 marzo, disagi per i bus"},"content":{"rendered":"<p><strong>Savona<\/strong>. Marted\u00ec 27 marzo 2012 \u00e8 previsto lo sciopero a carattere regionale indetto dalle Segreterie di Filt Cgil, Fit Cisl, Uiltrasporti e Faisa Cisale che verr\u00e0 attuato con le seguenti modalit\u00e0: da inizio servizio alle ore 5.00; dalle ore 8.30 alle ore 17.30; dalle ore 20.00 a fine servizio.<\/p>\n<p>In tali fasce orarie Tpl Linea non potr\u00e0 garantire l&#8217;esecuzione del servizio di trasporto pubblico. Non si escludono, inoltre, lievi disagi immediatamente prima e dopo le ore di sciopero programmato.<\/p>\n<p>Per ulteriori informazioni sui servizi Tpl \u00e8 possibile contattare il numero 800 012727 (attivo nei giorni feriali dal luned\u00ec al venerd\u00ec dalle ore 7.15 alle ore 17.30) e il sito internet all\u2019indirizzo www.tpllinea.it.<\/p>\n","protected":false},"excerpt":{"rendered":"<p>Savona. Marted\u00ec 27 marzo 2012 \u00e8 previsto lo sciopero a carattere regionale indetto dalle Segreterie di Filt Cgil, Fit Cisl, Uiltrasporti e Faisa Cisale che verr\u00e0 attuato con le seguenti modalit\u00e0: da inizio servizio alle ore 5.00; dalle ore 8.30 alle ore 17.30; dalle ore 20.00 a fine servizio. In tali fasce orarie Tpl Linea [&hellip;]<\/p>\n","protected":false},"author":13744,"featured_media":0,"comment_status":"open","ping_status":"closed","sticky":false,"template":"","format":"standard","meta":{"footnotes":""},"categories":[35],"tags":[593,2152,6164,2379],"class_list":["post-213966","post","type-post","status-publish","format-standard","hentry","category-economia","tag-bus","tag-sciopero","tag-tpl","tag-trasporto","post_cat_citta-andora","post_cat_citta-savona"],"amp_validity":null,"amp_enabled":true,"_links":{"self":[{"href":"https:\/\/staging.ivg.it\/ediapi\/wp\/v2\/posts\/213966","targetHints":{"allow":["GET"]}}],"collection":[{"href":"https:\/\/staging.ivg.it\/ediapi\/wp\/v2\/posts"}],"about":[{"href":"https:\/\/staging.ivg.it\/ediapi\/wp\/v2\/types\/post"}],"author":[{"embeddable":true,"href":"https:\/\/staging.ivg.it\/ediapi\/wp\/v2\/users\/13744"}],"replies":[{"embeddable":true,"href":"https:\/\/staging.ivg.it\/ediapi\/wp\/v2\/comments?post=213966"}],"version-history":[{"count":0,"href":"https:\/\/staging.ivg.it\/ediapi\/wp\/v2\/posts\/213966\/revisions"}],"wp:attachment":[{"href":"https:\/\/staging.ivg.it\/ediapi\/wp\/v2\/media?parent=213966"}],"wp:term":[{"taxonomy":"category","embeddable":true,"href":"https:\/\/staging.ivg.it\/ediapi\/wp\/v2\/categories?post=213966"},{"taxonomy":"post_tag","embeddable":true,"href":"https:\/\/staging.ivg.it\/ediapi\/wp\/v2\/tags?post=213966"}],"curies":[{"name":"wp","href":"https:\/\/api.w.org\/{rel}","templated":true}]}}