{"id":213857,"date":"2012-03-21T12:03:01","date_gmt":"2012-03-21T11:03:01","guid":{"rendered":"http:\/\/www.ivg.it\/?p=213857"},"modified":"2012-03-21T18:19:29","modified_gmt":"2012-03-21T17:19:29","slug":"polemica-a-vernazza-tra-i-varazzini-e-burlando-spendete-subito-i-22-milioni-non-aspettate-il-resto-corte-dei-conti-accelerera-procedure","status":"publish","type":"post","link":"https:\/\/staging.ivg.it\/2012\/03\/polemica-a-vernazza-tra-i-varazzini-e-burlando-spendete-subito-i-22-milioni-non-aspettate-il-resto-corte-dei-conti-accelerera-procedure\/","title":{"rendered":"Polemica a Vernazza tra i varazzini e Burlando: &#8220;Spendete subito i 2,2 milioni, cosa aspettate? Corte dei Conti accelerer\u00e0 procedure&#8221;"},"content":{"rendered":"<p><strong>Vernazza<\/strong>. Dialogo acceso tra una delegazione di cittadini di Varazze, guidata dal sindaco Giovanni Delfino e dal presidente provinciale Angelo Vaccarezza, e il governatore regionale Angelo Burlando, stamane a Vernazza in occasione della visita del presidente della Repubblica, Giorgio Napolitano, e del convegno &#8220;Dall&#8217;emergenza alla prevenzione&#8221;. <\/p>\n<p>&#8220;Avete 2,2 milioni che si possono spendere subito: \u00e8 inutile tenerli fermi in attesa di altri fondi&#8221; ha risposto Burlando al comitato di protesta giunto dal ponente. Sindaco e varazzini hanno contestato l&#8217;insufficienza dei fondi per l&#8217;alluvione del 2010, che tuttora lascia segni tangibili sul territorio e in particolare nelle frazioni come Casanova. Alcuni striscioni, che i manifestanti avrebbero voluto mostrare al Capo dello Stato, sono stati sequestrati dalla polizia. <\/p>\n<p>I 45 milioni di euro della seconda tranche per la ricostruzione sono gi\u00e0 stati ridotti a 28 milioni. &#8220;Non si sa quando arriveranno i nuovi fondi &#8211; ha ribadito Burlando, rivolgendosi alla delegazione del Savonese &#8211; Perch\u00e9 non spendete i finanziamenti che gi\u00e0 avete? I nostri tecnici dicono che non ci sono i progetti, non sono state attivate le procedure di appalto&#8221;. <\/p>\n<p>Una nuova contabilit\u00e0 sui fondi alluvionali si potr\u00e0 completare al 31 maggio, con la raccolta delle richieste di risarcimento avanzate dai commercianti. Anche in questo caso, se le richieste dovessero essere inferiori al previsto e se dovesse avanzare una parte, la stessa verrebbe dirottata sulle opere pubbliche. <\/p>\n<p>&#8220;Mettiamoci d&#8217;accordo sull&#8217;inizio dei lavori &#8211; ha rilanciato il presidente della Regione &#8211; Provincia e Comune devono attivarsi subito per impiegare le risorse attuali&#8221;. <\/p>\n<p>I cittadini di ponente arrivati nelle Cinque Terre hanno lamentato &#8220;l&#8217;inerzia nei confronti di Varazze&#8221; contro &#8220;l&#8217;attivismo della Regione nel caso del palazzo di via Giotto a Sestri Ponente&#8221;, diventato famoso nell\u2019alluvione del 2010 perch\u00e9 costruito nell\u2019alveo del torrente Chiaravagna. <\/p>\n<p>&#8220;Per il palazzo di via Giotto c&#8217;era una priorit\u00e0 definita dagli obblighi di legge&#8221; ha spiegato Burlando in veste di commissario straordinario per l&#8217;emergenza alluvionale. <\/p>\n<p>Al confronto, caratterizzato da toni accesi, alla presenza degli amministratori Giovanni Delfino e Angelo Vaccarezza, ha partecipato anche la funzionaria della corte dei conti che sta seguendo le pratiche per la ricostruzione varazzina. Al presidente della Provincia savonese e al primo cittadino, Burlando ha rivolto la sollecitazione: &#8220;Mettetevi d&#8217;accordo con lei per velocizzare le procedure e dare inizio ai lavori&#8221;. A breve verr\u00e0 convocato un tavolo proprio con Provincia, Comune, Regione e Corte dei Conti per imprimere l&#8217;accelerata alla spesa dei fondi disponibili. <\/p>\n<p>&#8220;In Italia, per fare vera prevenzione contro i disastri ambientali servono norme nuove, pi\u00f9 che risorse&#8221; ha detto Burlando. In particolare, secondo Burlando \u00e8 necessario &#8220;avere la possibilit\u00e0 di intervenire sul territorio, ad esempio nei boschi, qualora non vengano mantenuti adeguatamente puliti dai proprietari contro gli incendi&#8221;. Servono poi norme per interventi idrogeologici a monte, &#8220;per evitare ad esempio che tutte le soluzioni dei mali diventino gli scolmatori&#8221;. <\/p>\n","protected":false},"excerpt":{"rendered":"<p>Vernazza. Dialogo acceso tra una delegazione di cittadini di Varazze, guidata dal sindaco Giovanni Delfino e dal presidente provinciale Angelo Vaccarezza, e il governatore regionale Angelo Burlando, stamane a Vernazza in occasione della visita del presidente della Repubblica, Giorgio Napolitano, e del convegno &#8220;Dall&#8217;emergenza alla prevenzione&#8221;. &#8220;Avete 2,2 milioni che si possono spendere subito: \u00e8 [&hellip;]<\/p>\n","protected":false},"author":13744,"featured_media":0,"comment_status":"open","ping_status":"closed","sticky":false,"template":"","format":"standard","meta":{"footnotes":""},"categories":[35,31],"tags":[5386,2317,284,7199,295,85868,9088],"class_list":["post-213857","post","type-post","status-publish","format-standard","hentry","category-economia","category-politica","tag-alluvione","tag-angelo-vaccarezza","tag-claudio-burlando","tag-giovanni-delfino","tag-regione","tag-varazze","tag-vernazza","post_cat_citta-andora","post_cat_citta-varazze"],"amp_validity":null,"amp_enabled":true,"_links":{"self":[{"href":"https:\/\/staging.ivg.it\/ediapi\/wp\/v2\/posts\/213857","targetHints":{"allow":["GET"]}}],"collection":[{"href":"https:\/\/staging.ivg.it\/ediapi\/wp\/v2\/posts"}],"about":[{"href":"https:\/\/staging.ivg.it\/ediapi\/wp\/v2\/types\/post"}],"author":[{"embeddable":true,"href":"https:\/\/staging.ivg.it\/ediapi\/wp\/v2\/users\/13744"}],"replies":[{"embeddable":true,"href":"https:\/\/staging.ivg.it\/ediapi\/wp\/v2\/comments?post=213857"}],"version-history":[{"count":0,"href":"https:\/\/staging.ivg.it\/ediapi\/wp\/v2\/posts\/213857\/revisions"}],"wp:attachment":[{"href":"https:\/\/staging.ivg.it\/ediapi\/wp\/v2\/media?parent=213857"}],"wp:term":[{"taxonomy":"category","embeddable":true,"href":"https:\/\/staging.ivg.it\/ediapi\/wp\/v2\/categories?post=213857"},{"taxonomy":"post_tag","embeddable":true,"href":"https:\/\/staging.ivg.it\/ediapi\/wp\/v2\/tags?post=213857"}],"curies":[{"name":"wp","href":"https:\/\/api.w.org\/{rel}","templated":true}]}}