{"id":213629,"date":"2012-03-17T10:46:40","date_gmt":"2012-03-17T09:46:40","guid":{"rendered":"http:\/\/www.ivg.it\/?p=213629"},"modified":"2012-03-17T10:47:09","modified_gmt":"2012-03-17T09:47:09","slug":"festa-patronale-il-cardinale-domenico-calcagno-e-giunto-a-savona","status":"publish","type":"post","link":"https:\/\/staging.ivg.it\/2012\/03\/festa-patronale-il-cardinale-domenico-calcagno-e-giunto-a-savona\/","title":{"rendered":"Festa patronale, il cardinale Domenico Calcagno \u00e8 giunto a Savona"},"content":{"rendered":"<p><strong>Savona<\/strong>. Il cardinale Domenico Calcagno, presidente dell&#8217;amministrazione del patrimonio della Sede apostolica del Vaticano, sar\u00e0 ospite della festa patronale di Savona, che verr\u00e0 celebrata domani al Santuario di Nostra Signora di Misericordia.<\/p>\n<p>L&#8217;alto prelato \u00e8 arrivato ieri sera a Savona, accompagnato dal suo segretario, ed \u00e8 stato ricevuto dal vescovo Vittorio Lupi. &#8220;Essere a Savona per me \u00e8 un grande onore. Sono molto contento di partecipare domani alla processione. E&#8217; la festa dei savonesi e io mi sento savonese come tutti loro&#8221; ha detto il cardinale.<\/p>\n<p>Nominato cardinale il mese scorso, Calcagno domani parteciper\u00e0 alla processione che si muover\u00e0 alle 7 dal duomo per raggiungere il Santuario. Il solenne pontificale verr\u00e0 celebrato sul sagrato della Basilica alle 9,30, all&#8217;arrivo della processione. La messa sar\u00e0 animata da un gruppo vocale che raccoglie cantori di varie corali diocesane e che sar\u00e0 guidato da padre Piergiorgio Ladone. Il giorno della festa il Santuario sar\u00e0 aperto con orario continuato: rosario dalle 15, alle ore 17 celebrazione del vespro seguito alle dalla messa.<\/p>\n","protected":false},"excerpt":{"rendered":"<p>Savona. Il cardinale Domenico Calcagno, presidente dell&#8217;amministrazione del patrimonio della Sede apostolica del Vaticano, sar\u00e0 ospite della festa patronale di Savona, che verr\u00e0 celebrata domani al Santuario di Nostra Signora di Misericordia. L&#8217;alto prelato \u00e8 arrivato ieri sera a Savona, accompagnato dal suo segretario, ed \u00e8 stato ricevuto dal vescovo Vittorio Lupi. &#8220;Essere a Savona [&hellip;]<\/p>\n","protected":false},"author":13744,"featured_media":0,"comment_status":"open","ping_status":"closed","sticky":false,"template":"","format":"standard","meta":{"footnotes":""},"categories":[],"tags":[85850],"class_list":["post-213629","post","type-post","status-publish","format-standard","hentry","tag-savona","post_cat_citta-savona"],"amp_validity":null,"amp_enabled":true,"_links":{"self":[{"href":"https:\/\/staging.ivg.it\/ediapi\/wp\/v2\/posts\/213629","targetHints":{"allow":["GET"]}}],"collection":[{"href":"https:\/\/staging.ivg.it\/ediapi\/wp\/v2\/posts"}],"about":[{"href":"https:\/\/staging.ivg.it\/ediapi\/wp\/v2\/types\/post"}],"author":[{"embeddable":true,"href":"https:\/\/staging.ivg.it\/ediapi\/wp\/v2\/users\/13744"}],"replies":[{"embeddable":true,"href":"https:\/\/staging.ivg.it\/ediapi\/wp\/v2\/comments?post=213629"}],"version-history":[{"count":0,"href":"https:\/\/staging.ivg.it\/ediapi\/wp\/v2\/posts\/213629\/revisions"}],"wp:attachment":[{"href":"https:\/\/staging.ivg.it\/ediapi\/wp\/v2\/media?parent=213629"}],"wp:term":[{"taxonomy":"category","embeddable":true,"href":"https:\/\/staging.ivg.it\/ediapi\/wp\/v2\/categories?post=213629"},{"taxonomy":"post_tag","embeddable":true,"href":"https:\/\/staging.ivg.it\/ediapi\/wp\/v2\/tags?post=213629"}],"curies":[{"name":"wp","href":"https:\/\/api.w.org\/{rel}","templated":true}]}}