{"id":213626,"date":"2012-03-17T10:08:15","date_gmt":"2012-03-17T09:08:15","guid":{"rendered":"http:\/\/www.ivg.it\/?p=213626"},"modified":"2012-03-18T13:32:17","modified_gmt":"2012-03-18T12:32:17","slug":"giornata-in-ricordo-delle-vittime-delle-mafie-bussalai-ci-deve-essere-sempre-attenzione-da-parte-delle-istituzioni","status":"publish","type":"post","link":"https:\/\/staging.ivg.it\/2012\/03\/giornata-in-ricordo-delle-vittime-delle-mafie-bussalai-ci-deve-essere-sempre-attenzione-da-parte-delle-istituzioni\/","title":{"rendered":"Giornata in ricordo delle vittime delle mafie, Bussalai: &#8220;Ci deve essere sempre attenzione da parte delle istituzioni&#8221;"},"content":{"rendered":"<p><strong>Genova<\/strong>. E&#8217; scattata alle ore 9 la diciassettesima edizione della \u201cGiornata della Memoria e dell\u2019Impegno in ricordo delle vittime delle mafie\u201d, promossa da Libera che oggi sfila per le citt\u00e0 di Genova. Gi\u00e0 da ieri sera la citt\u00e0 \u00e8 stata pacificamente invasa da molte persone che hanno scelto di prendere parte all&#8217;evento.<\/p>\n<p>Tra i presenti, in rappresentanza della Provincia di Savona, Luigi Bussalai. L&#8217;assessore alle Politiche Sociali e Giovanili e ai Piccoli Comuni della Provincia che dichiara: &#8220;Siamo presenti a questa bellissima manifestazione. Una gran mobilitazione e tanti giovani. E&#8217; importante che ci sia la nuova generazione, che ha una sensibilit\u00e0 particolare, perch\u00e9 la mafia non \u00e8 un fenomeno lontano ma \u00e8 in mezzo a noi, quindi \u00e8 importante che anche le associazioni, le istituzioni, tutti gli enti siano qui oggi, tutti insieme in questo grande corteo&#8221;.<\/p>\n<p>&#8220;Sappiamo che anche al Nord ci sono stati dei problemi in alcuni comuni, con scioglimenti dei consigli comunali, quindi &#8211; conclude Bussalai &#8211; \u00e8 importante non dimenticare che la mafia non \u00e8 solo al Sud quindi ci deve essere sempre attenzione da parte delle istituzioni&#8221;.<\/p>\n<p>&#8220;E\u2019 una giornata molto bella, anche ieri sera in duomo \u00e8 stata un\u2019emozione molto forte, sentire leggere quei nomi, credo sia bellissimo oggi vedere tutte queste persone \u2013 sono le parole del presidente della Regione Liguria Claudio Burlando, che poi ha aggiunto: &#8220;Penso ci siano pericoli seri, ma credo che ci sia anche la forza di debellare questo fenomeno cos\u00ec grave&#8221;.<\/p>\n","protected":false},"excerpt":{"rendered":"<p>Genova. E&#8217; scattata alle ore 9 la diciassettesima edizione della \u201cGiornata della Memoria e dell\u2019Impegno in ricordo delle vittime delle mafie\u201d, promossa da Libera che oggi sfila per le citt\u00e0 di Genova. Gi\u00e0 da ieri sera la citt\u00e0 \u00e8 stata pacificamente invasa da molte persone che hanno scelto di prendere parte all&#8217;evento. Tra i presenti, [&hellip;]<\/p>\n","protected":false},"author":13744,"featured_media":0,"comment_status":"open","ping_status":"closed","sticky":false,"template":"","format":"standard","meta":{"footnotes":""},"categories":[],"tags":[284,737,2614,488,375],"class_list":["post-213626","post","type-post","status-publish","format-standard","hentry","tag-claudio-burlando","tag-genova","tag-luigi-bussalai","tag-mafia","tag-provincia","post_cat_citta-andora"],"amp_validity":null,"amp_enabled":true,"_links":{"self":[{"href":"https:\/\/staging.ivg.it\/ediapi\/wp\/v2\/posts\/213626","targetHints":{"allow":["GET"]}}],"collection":[{"href":"https:\/\/staging.ivg.it\/ediapi\/wp\/v2\/posts"}],"about":[{"href":"https:\/\/staging.ivg.it\/ediapi\/wp\/v2\/types\/post"}],"author":[{"embeddable":true,"href":"https:\/\/staging.ivg.it\/ediapi\/wp\/v2\/users\/13744"}],"replies":[{"embeddable":true,"href":"https:\/\/staging.ivg.it\/ediapi\/wp\/v2\/comments?post=213626"}],"version-history":[{"count":0,"href":"https:\/\/staging.ivg.it\/ediapi\/wp\/v2\/posts\/213626\/revisions"}],"wp:attachment":[{"href":"https:\/\/staging.ivg.it\/ediapi\/wp\/v2\/media?parent=213626"}],"wp:term":[{"taxonomy":"category","embeddable":true,"href":"https:\/\/staging.ivg.it\/ediapi\/wp\/v2\/categories?post=213626"},{"taxonomy":"post_tag","embeddable":true,"href":"https:\/\/staging.ivg.it\/ediapi\/wp\/v2\/tags?post=213626"}],"curies":[{"name":"wp","href":"https:\/\/api.w.org\/{rel}","templated":true}]}}