{"id":213559,"date":"2012-03-16T10:59:01","date_gmt":"2012-03-16T09:59:01","guid":{"rendered":"http:\/\/www.ivg.it\/?p=213559"},"modified":"2012-03-16T10:59:01","modified_gmt":"2012-03-16T09:59:01","slug":"cairo-in-scena-la-commedia-siamo-tutti-matti-per-raccogliere-fondi-per-lavis","status":"publish","type":"post","link":"https:\/\/staging.ivg.it\/2012\/03\/cairo-in-scena-la-commedia-siamo-tutti-matti-per-raccogliere-fondi-per-lavis\/","title":{"rendered":"Cairo, in scena la commedia &#8220;Siamo tutti matti&#8221; per raccogliere fondi per l&#8217;Avis"},"content":{"rendered":"<p><strong>Cairo M.<\/strong> Domani sera presso il Palazzo di Citt\u00e0 di Cairo Montenotte, alle 21, andr\u00e0 in scena lo spettacolo benefico organizzato dall&#8217;Avis Comunale di Cairo &#8220;Siamo tutti matti&#8221;, commedia brillante, che vedr\u00e0 in scena una cairese doc, Paola Carenti, membro dell&#8217;Associazione culturale REGIS, con sede a Roma.<\/p>\n<p>Lo spettacolo, gi\u00e0 portato in scena nella capitale, presso il teatro della Garbatella, avr\u00e0 inizio alle ore 21 e l&#8217;ingresso sar\u00e0 ad offerta. Da diversi mesi l&#8217;Avis di Cairo \u00e8 infatti impegnata nel raccogliere fondi per aiutare altre associazioni, tra le quali la Caritas, sempre pi\u00f9 oppresse dalla mancanza di fondi e da una difficilissima situazione sociale.<\/p>\n","protected":false},"excerpt":{"rendered":"<p>Cairo M. Domani sera presso il Palazzo di Citt\u00e0 di Cairo Montenotte, alle 21, andr\u00e0 in scena lo spettacolo benefico organizzato dall&#8217;Avis Comunale di Cairo &#8220;Siamo tutti matti&#8221;, commedia brillante, che vedr\u00e0 in scena una cairese doc, Paola Carenti, membro dell&#8217;Associazione culturale REGIS, con sede a Roma. Lo spettacolo, gi\u00e0 portato in scena nella capitale, [&hellip;]<\/p>\n","protected":false},"author":13744,"featured_media":0,"comment_status":"open","ping_status":"closed","sticky":false,"template":"","format":"standard","meta":{"footnotes":""},"categories":[],"tags":[705,151,110],"class_list":["post-213559","post","type-post","status-publish","format-standard","hentry","tag-avis","tag-cairo","tag-spettacolo","post_cat_citta-cairo-montenotte"],"amp_validity":null,"amp_enabled":true,"_links":{"self":[{"href":"https:\/\/staging.ivg.it\/ediapi\/wp\/v2\/posts\/213559","targetHints":{"allow":["GET"]}}],"collection":[{"href":"https:\/\/staging.ivg.it\/ediapi\/wp\/v2\/posts"}],"about":[{"href":"https:\/\/staging.ivg.it\/ediapi\/wp\/v2\/types\/post"}],"author":[{"embeddable":true,"href":"https:\/\/staging.ivg.it\/ediapi\/wp\/v2\/users\/13744"}],"replies":[{"embeddable":true,"href":"https:\/\/staging.ivg.it\/ediapi\/wp\/v2\/comments?post=213559"}],"version-history":[{"count":0,"href":"https:\/\/staging.ivg.it\/ediapi\/wp\/v2\/posts\/213559\/revisions"}],"wp:attachment":[{"href":"https:\/\/staging.ivg.it\/ediapi\/wp\/v2\/media?parent=213559"}],"wp:term":[{"taxonomy":"category","embeddable":true,"href":"https:\/\/staging.ivg.it\/ediapi\/wp\/v2\/categories?post=213559"},{"taxonomy":"post_tag","embeddable":true,"href":"https:\/\/staging.ivg.it\/ediapi\/wp\/v2\/tags?post=213559"}],"curies":[{"name":"wp","href":"https:\/\/api.w.org\/{rel}","templated":true}]}}