{"id":213558,"date":"2012-03-16T11:05:11","date_gmt":"2012-03-16T10:05:11","guid":{"rendered":"http:\/\/www.ivg.it\/?p=213558"},"modified":"2012-03-16T15:04:45","modified_gmt":"2012-03-16T14:04:45","slug":"crisi-industriale-nel-savonese-il-29-marzo-a-roma-il-tavolo-con-il-ministero","status":"publish","type":"post","link":"https:\/\/staging.ivg.it\/2012\/03\/crisi-industriale-nel-savonese-il-29-marzo-a-roma-il-tavolo-con-il-ministero\/","title":{"rendered":"Crisi industriale nel Savonese: il 29 marzo a Roma il tavolo con il Ministero"},"content":{"rendered":"<p><strong>Savona.<\/strong> Gioved\u00ec 29 marzo si svolger\u00e0 a Roma presso il Ministero dello Sviluppo Economico si svolger\u00e0 un tavolo focalizzato sulla crisi industriale nella provincia di Savona.<\/p>\n<p>L&#8217;annuncio \u00e8 stato dato dall&#8217;assessore Renzo Guccinelli nel corso della giunta regionale: &#8220;A seguito del tavolo svoltosi nei giorni scorsi presso la provincia di Savona il Ministero ha convenuto sulla necessit\u00e0 di attivare un tavolo per analizzare la complessa situazione del tessuto industriale nel savonese. All&#8217;incontro, oltre ai rappresentanti del Ministero, parteciperanno Regione, Provincia, i principali Comuni insieme a sindacati ed istituzioni&#8221; ha spiegato l&#8217;assessore Guccinelli.<\/p>\n<p>In giunta si \u00e8 anche discusso della situazione nelle aree di Ferrania. Oltre alla Cartiera e all&#8217;eolico continuano i lavori delle Regione per trovare nuovi sbocchi occupazionali. &#8220;Al momento &#8211; ha precisato Guccinelli &#8211; stiamo discutendo con Ferrania e un investitore austriaco per lo sviluppo della piattaforma sulle energie alternative&#8221;.<\/p>\n","protected":false},"excerpt":{"rendered":"<p>Savona. Gioved\u00ec 29 marzo si svolger\u00e0 a Roma presso il Ministero dello Sviluppo Economico si svolger\u00e0 un tavolo focalizzato sulla crisi industriale nella provincia di Savona. L&#8217;annuncio \u00e8 stato dato dall&#8217;assessore Renzo Guccinelli nel corso della giunta regionale: &#8220;A seguito del tavolo svoltosi nei giorni scorsi presso la provincia di Savona il Ministero ha convenuto [&hellip;]<\/p>\n","protected":false},"author":13744,"featured_media":0,"comment_status":"open","ping_status":"closed","sticky":false,"template":"","format":"standard","meta":{"footnotes":""},"categories":[35],"tags":[19452,2220,85979,820],"class_list":["post-213558","post","type-post","status-publish","format-standard","hentry","category-economia","tag-crisi-industriale","tag-renzo-guccinelli","tag-vado-ligure","tag-valbormida","post_cat_citta-cairo-montenotte","post_cat_citta-savona","post_cat_citta-vado-ligure"],"amp_validity":null,"amp_enabled":true,"_links":{"self":[{"href":"https:\/\/staging.ivg.it\/ediapi\/wp\/v2\/posts\/213558","targetHints":{"allow":["GET"]}}],"collection":[{"href":"https:\/\/staging.ivg.it\/ediapi\/wp\/v2\/posts"}],"about":[{"href":"https:\/\/staging.ivg.it\/ediapi\/wp\/v2\/types\/post"}],"author":[{"embeddable":true,"href":"https:\/\/staging.ivg.it\/ediapi\/wp\/v2\/users\/13744"}],"replies":[{"embeddable":true,"href":"https:\/\/staging.ivg.it\/ediapi\/wp\/v2\/comments?post=213558"}],"version-history":[{"count":0,"href":"https:\/\/staging.ivg.it\/ediapi\/wp\/v2\/posts\/213558\/revisions"}],"wp:attachment":[{"href":"https:\/\/staging.ivg.it\/ediapi\/wp\/v2\/media?parent=213558"}],"wp:term":[{"taxonomy":"category","embeddable":true,"href":"https:\/\/staging.ivg.it\/ediapi\/wp\/v2\/categories?post=213558"},{"taxonomy":"post_tag","embeddable":true,"href":"https:\/\/staging.ivg.it\/ediapi\/wp\/v2\/tags?post=213558"}],"curies":[{"name":"wp","href":"https:\/\/api.w.org\/{rel}","templated":true}]}}