{"id":213495,"date":"2012-03-15T14:58:41","date_gmt":"2012-03-15T13:58:41","guid":{"rendered":"http:\/\/www.ivg.it\/?p=213495"},"modified":"2012-03-15T19:09:38","modified_gmt":"2012-03-15T18:09:38","slug":"cartiera-bormida-lazienda-conferma-volonta-di-riprendere-la-produzione-e-da-lok-al-pagamento-delle-mensilita-arretrate","status":"publish","type":"post","link":"https:\/\/staging.ivg.it\/2012\/03\/cartiera-bormida-lazienda-conferma-volonta-di-riprendere-la-produzione-e-da-lok-al-pagamento-delle-mensilita-arretrate\/","title":{"rendered":"Cartiera Bormida: l&#8217;azienda conferma volont\u00e0 di riprendere la produzione e d\u00e0 l&#8217;ok al pagamento delle mensilit\u00e0 arretrate"},"content":{"rendered":"<p><strong>Savona<\/strong>. Si \u00e8 svolto oggi, nella sede dell\u2019Unione Industriali di Savona, il nuovo incontro tra propriet\u00e0, amministratori e sindacati della Cartiera Bormida di Murialdo. Nella riunione si \u00e8 discusso sulle misure da mettere in campo per favorire la riattivazione delle utenze dello stabilimento e del nuovo saldo delle mensilit\u00e0 arretrate, per i 41 lavoratori, da parte della propriet\u00e0.<\/p>\n<p>Al tavolo erano presenti l\u2019assessore provinciale Giorgio Sambin e i sindaci di Millesimo e Murialdo, Mauro Righello e Bruno Odella.<\/p>\n<p>L\u2019azienda si \u00e8 impegnata a pagare le mensilit\u00e0 arretrate di novembre e dicembre e ha confermato la volont\u00e0 di riprendere la produzione nel pi\u00f9 breve tempo possibile, anche in vista dell\u2019atteso progetto sul nuovo depuratore biologico.<\/p>\n<p>Resta tuttavia una situazione debitoria critica sul fronte delle forniture di energia e dell\u2019utenza, in parte in via di soluzione e sarebbe importante riavviare almeno parte degli impianti.<\/p>\n<p>&#8220;I pagamenti rappresentano un primo segnale da parte dell&#8217;azienda, tuttavia  si va avanti a piccoli passi, sappiamo che situazione \u00e8 difficile ma serve sapere entro breve se ci sar\u00e0 o meno la possibilit\u00e0 di riprendere la produzione, abbiamo dato ancora 10 giorni di tempo alla propriet\u00e0 per avere una risposta\u201d afferma Fausto Dabove della Slc Cgil.<\/p>\n<p>Il prossimo incontro definitivo \u00e8 previsto il 29 marzo a Palazzo Nervi, tenuto conto che l\u20198 aprile scade la cassa integrazione, iniziata a gennaio.<\/p>\n","protected":false},"excerpt":{"rendered":"<p>Savona. Si \u00e8 svolto oggi, nella sede dell\u2019Unione Industriali di Savona, il nuovo incontro tra propriet\u00e0, amministratori e sindacati della Cartiera Bormida di Murialdo. Nella riunione si \u00e8 discusso sulle misure da mettere in campo per favorire la riattivazione delle utenze dello stabilimento e del nuovo saldo delle mensilit\u00e0 arretrate, per i 41 lavoratori, da [&hellip;]<\/p>\n","protected":false},"author":13744,"featured_media":0,"comment_status":"open","ping_status":"closed","sticky":false,"template":"","format":"standard","meta":{"footnotes":""},"categories":[35],"tags":[85977,238,85850,86052],"class_list":["post-213495","post","type-post","status-publish","format-standard","hentry","category-economia","tag-bormida","tag-cartiera","tag-savona","tag-unione-industriali","post_cat_citta-bormida","post_cat_citta-savona"],"amp_validity":null,"amp_enabled":true,"_links":{"self":[{"href":"https:\/\/staging.ivg.it\/ediapi\/wp\/v2\/posts\/213495","targetHints":{"allow":["GET"]}}],"collection":[{"href":"https:\/\/staging.ivg.it\/ediapi\/wp\/v2\/posts"}],"about":[{"href":"https:\/\/staging.ivg.it\/ediapi\/wp\/v2\/types\/post"}],"author":[{"embeddable":true,"href":"https:\/\/staging.ivg.it\/ediapi\/wp\/v2\/users\/13744"}],"replies":[{"embeddable":true,"href":"https:\/\/staging.ivg.it\/ediapi\/wp\/v2\/comments?post=213495"}],"version-history":[{"count":0,"href":"https:\/\/staging.ivg.it\/ediapi\/wp\/v2\/posts\/213495\/revisions"}],"wp:attachment":[{"href":"https:\/\/staging.ivg.it\/ediapi\/wp\/v2\/media?parent=213495"}],"wp:term":[{"taxonomy":"category","embeddable":true,"href":"https:\/\/staging.ivg.it\/ediapi\/wp\/v2\/categories?post=213495"},{"taxonomy":"post_tag","embeddable":true,"href":"https:\/\/staging.ivg.it\/ediapi\/wp\/v2\/tags?post=213495"}],"curies":[{"name":"wp","href":"https:\/\/api.w.org\/{rel}","templated":true}]}}