{"id":213484,"date":"2012-03-15T13:55:42","date_gmt":"2012-03-15T12:55:42","guid":{"rendered":"http:\/\/www.ivg.it\/?p=213484"},"modified":"2012-03-16T08:33:55","modified_gmt":"2012-03-16T07:33:55","slug":"tunnel-di-capo-noli-e-pista-ciclabile-assessore-paita-attuazione-in-tempi-ragionevoli","status":"publish","type":"post","link":"https:\/\/staging.ivg.it\/2012\/03\/tunnel-di-capo-noli-e-pista-ciclabile-assessore-paita-attuazione-in-tempi-ragionevoli\/","title":{"rendered":"Tunnel di Capo Noli e pista ciclabile, assessore Paita: &#8220;Attuazione in tempi ragionevoli&#8221;"},"content":{"rendered":"<p><strong>Finale Ligure<\/strong>. Scatta la caccia ai finanziamenti per concretizzare il nuovo tunnel previsto sull\u2019Aurelia fra Capo Noli ed il Malpasso di Varigotti e, quindi, la pista ciclabile che occuper\u00e0 l&#8217;attuale tracciato quando sar\u00e0 dismesso a favore del nuovo percorso.<\/p>\n<p>Stamane al palazzo civico finalese l&#8217;assessore regionale Raffaella Paita e le autorit\u00e0 locali hanno illustrato il piano di riforma viaria. &#8220;Si tratta di un progetto strategico e di valorizzazione grazie alla pista ciclabile che far\u00e0 di questo tratto un percorso di pregio. Questa opera \u00e8 considerata prioritaria dell&#8217;Anas. Ora la battaglia da fare \u00e8 qella per la ricerca dei finanziamenti. Non c&#8217;\u00e8 dubbio che anche il continuo dialogo con Roma ha fatto capire l&#8217;importanza dell&#8217;opera per il territorio&#8221; ha detto l&#8217;assessore regionale.<\/p>\n<p>&#8220;Posso solo dire che l&#8217;attuazione avverr\u00e0 in tempi ragionevoli: in questo momento cos\u00ec difficile per il nostro Paese \u00e8 bene utilizzare un linguaggio sobrio e non fare promesse irrealizzabili&#8221; ha aggiunto.<\/p>\n<p>Un chilometro sar\u00e0 la lunghezza del nuovo tracciato di variante, la galleria tra Capo Noli e Malpasso misurer\u00e0 793 metri. Quanto ai tempi di durata dell&#8217;intervento, si prevede un cantiere di 22 mesi. I periodi di possibile chiusura al traffico o senso unico alternato sono 6 mesi dall&#8217;avvio del cantiere e 2 mesi e mezzo a chiusura lavori.<\/p>\n<p>&#8220;Si tratta di un evento positivo per la nostra provincia, e atteso da tanti anni. La pista ciclabile, poi, \u00e8 un&#8217;eccellenza per il nostro territorio e dar\u00e0 impulso al turismo. Previsioni sui tempi non se ne possono fare: faremo il possibile affinch\u00e9 venga presentato al pi\u00f9 presto il progetto esecutivo e venga cantierato quanto prima&#8221; ha commentato l&#8217;assessore provinciale Pietro Santi.<\/p>\n<p>Cos\u00ec il vicesindaco finalese Giovanni Ferrari Barusso: &#8220;I tempi sulla realizzazione dipendono dai finanziamenti, ma mi pare che la Regione stia prestando un&#8217;attenzione particolare al progetto e, oltretutto, l&#8217;Anas sta rispondendo nella maniera adeguata. E&#8217; un piano importante dal punto di vista della viabilit\u00e0 e delle infrastrutture connesse, come la pista ciclabile, che far\u00e0 da impulso per il turismo. Intanto ci prepariamo alla Milano-Sanremo che ha ftto delle Manie una tappa fissa e che ci permette di far conoscere il nostro splendido territorio&#8221;.<\/p>\n","protected":false},"excerpt":{"rendered":"<p>Finale Ligure. Scatta la caccia ai finanziamenti per concretizzare il nuovo tunnel previsto sull\u2019Aurelia fra Capo Noli ed il Malpasso di Varigotti e, quindi, la pista ciclabile che occuper\u00e0 l&#8217;attuale tracciato quando sar\u00e0 dismesso a favore del nuovo percorso. Stamane al palazzo civico finalese l&#8217;assessore regionale Raffaella Paita e le autorit\u00e0 locali hanno illustrato il [&hellip;]<\/p>\n","protected":false},"author":13744,"featured_media":0,"comment_status":"open","ping_status":"closed","sticky":false,"template":"","format":"standard","meta":{"footnotes":""},"categories":[35,31],"tags":[3644,25069,3878,22411,8930],"class_list":["post-213484","post","type-post","status-publish","format-standard","hentry","category-economia","category-politica","tag-capo-noli","tag-malpasso","tag-pista-ciclabile","tag-raffaella-paita","tag-tunnel","post_cat_citta-finale-ligure","post_cat_citta-noli"],"amp_validity":null,"amp_enabled":true,"_links":{"self":[{"href":"https:\/\/staging.ivg.it\/ediapi\/wp\/v2\/posts\/213484","targetHints":{"allow":["GET"]}}],"collection":[{"href":"https:\/\/staging.ivg.it\/ediapi\/wp\/v2\/posts"}],"about":[{"href":"https:\/\/staging.ivg.it\/ediapi\/wp\/v2\/types\/post"}],"author":[{"embeddable":true,"href":"https:\/\/staging.ivg.it\/ediapi\/wp\/v2\/users\/13744"}],"replies":[{"embeddable":true,"href":"https:\/\/staging.ivg.it\/ediapi\/wp\/v2\/comments?post=213484"}],"version-history":[{"count":0,"href":"https:\/\/staging.ivg.it\/ediapi\/wp\/v2\/posts\/213484\/revisions"}],"wp:attachment":[{"href":"https:\/\/staging.ivg.it\/ediapi\/wp\/v2\/media?parent=213484"}],"wp:term":[{"taxonomy":"category","embeddable":true,"href":"https:\/\/staging.ivg.it\/ediapi\/wp\/v2\/categories?post=213484"},{"taxonomy":"post_tag","embeddable":true,"href":"https:\/\/staging.ivg.it\/ediapi\/wp\/v2\/tags?post=213484"}],"curies":[{"name":"wp","href":"https:\/\/api.w.org\/{rel}","templated":true}]}}