{"id":213263,"date":"2012-03-12T18:34:19","date_gmt":"2012-03-12T17:34:19","guid":{"rendered":"http:\/\/www.ivg.it\/?p=213263"},"modified":"2012-03-13T11:05:03","modified_gmt":"2012-03-13T10:05:03","slug":"crisi-industriale-nel-savonese-burlando-mettere-a-segno-buoni-colpi-per-non-assistere-passivamente","status":"publish","type":"post","link":"https:\/\/staging.ivg.it\/2012\/03\/crisi-industriale-nel-savonese-burlando-mettere-a-segno-buoni-colpi-per-non-assistere-passivamente\/","title":{"rendered":"Crisi industriale nel Savonese, Burlando: &#8220;Mettere a segno buoni colpi per non assistere passivamente&#8221;"},"content":{"rendered":"<p><strong>Savona<\/strong>. Tre grandi operazioni per restituire equilibrio alla crisi in cui versa il sistema produttivo e industriale savonese. Le rimarca il governatore regionale Claudio Burlando, oggi a Savona per l&#8217;assegnazione degli alloggi di social housing. &#8220;Siamo in una fase molto complicata, siamo in  recessione, il Pil decresce e le realt\u00e0 soffrono ancora di pi\u00f9. Stiamo seguendo 3 grandi investimenti anche molto contestati&#8221; sottolinea. <\/p>\n<p>&#8220;Siamo vicini a chiudere l&#8217;accordo di Piaggio su Finale che assicura la copertura finanziaria di Villanova, abbiamo chiuso l&#8217;operazione a livello amministrativo con Tirreno Power su Vado con un investimento di un miliardo,  poi c\u2019\u00e8 l\u2019operazione Maersk che potr\u00e0 dar\u00e0 una risposta a livello occupazionale molto importante. C&#8217;\u00e8 infine dell&#8217;operazione su Ferrania. C&#8217;\u00e8 lo studio sull&#8217;eolico che sar\u00e0 pronto entro un paio di mesi, inseguiamo l&#8217;idea di creare una grande azienda di pale eoliche e componenti vari per tenere insieme la capacit\u00e0 di produrre nuova energia, ma anche la capacit\u00e0 manifatturiera di questa provincia, speriamo che finalmente si sblocchi la vicenda dell&#8217;Acna per ottenere le aree bonificate ma non usate e che nuove aziende possano insediarsi. La crisi c&#8217;\u00e8. Oltre a subire dei colpi bisogna mettere a segno qualche operazione positiva senza assistere passivamente&#8221; spiega il presidente della Regione.<\/p>\n<p>&#8220;Sulle politiche energetiche abbiamo elaborato un regolamento molto restrittivo. Le indicazioni sono di consumare meno, ridurre la produzione di fonti fossili e investire su nuove fonti energie e sviluppare nuove fonti rinnovabili almeno quintuplicare in Liguria. Bisogna tenere infine presente che il costo dell&#8217;energia \u00e8 un fattore di competitivit\u00e0 per le imprese, per questo bisogna trovare degli equilibri; una delle indicazione delle crisi di Ocv \u00e8 che il costo dell\u2019energia qui da noi \u00e8 maggiore rispetto che all\u2019estero&#8221; commenta Burlando. <\/p>\n<p>Sull&#8217;allarme per la nuova pressione fiscale, il governatore aggiunge: &#8220;Tutti gli anni siamo appesi, lavoreremo fino all&#8217;ultimo per evitare la pressione fiscale; questo significa anche tagli sulla sanit\u00e0, proviamo fino all&#8217;ultimo a contenere le spese e razionalizzare i servizi. A fine anno vedremo, anche perch\u00e8 appena iniziamo a a tagliare qualcosa inizia la protesta. Il rischio di sforare c&#8217;\u00e8 ogni anno, le risorse che abbiamo a disposizione sono sempre meno. Possiamo fare leva su Irap e Irpef. Useremo questi mesi per spendere meno e non per tassare di pi\u00f9, se non ci riusciamo agiremo di conseguenza&#8221;. <\/p>\n","protected":false},"excerpt":{"rendered":"<p>Savona. Tre grandi operazioni per restituire equilibrio alla crisi in cui versa il sistema produttivo e industriale savonese. Le rimarca il governatore regionale Claudio Burlando, oggi a Savona per l&#8217;assegnazione degli alloggi di social housing. &#8220;Siamo in una fase molto complicata, siamo in recessione, il Pil decresce e le realt\u00e0 soffrono ancora di pi\u00f9. Stiamo [&hellip;]<\/p>\n","protected":false},"author":13744,"featured_media":0,"comment_status":"open","ping_status":"closed","sticky":false,"template":"","format":"standard","meta":{"footnotes":""},"categories":[35,31],"tags":[284,85837,295,978],"class_list":["post-213263","post","type-post","status-publish","format-standard","hentry","category-economia","category-politica","tag-claudio-burlando","tag-economia","tag-regione","tag-tasse","post_cat_citta-andora","post_cat_citta-savona"],"amp_validity":null,"amp_enabled":true,"_links":{"self":[{"href":"https:\/\/staging.ivg.it\/ediapi\/wp\/v2\/posts\/213263","targetHints":{"allow":["GET"]}}],"collection":[{"href":"https:\/\/staging.ivg.it\/ediapi\/wp\/v2\/posts"}],"about":[{"href":"https:\/\/staging.ivg.it\/ediapi\/wp\/v2\/types\/post"}],"author":[{"embeddable":true,"href":"https:\/\/staging.ivg.it\/ediapi\/wp\/v2\/users\/13744"}],"replies":[{"embeddable":true,"href":"https:\/\/staging.ivg.it\/ediapi\/wp\/v2\/comments?post=213263"}],"version-history":[{"count":0,"href":"https:\/\/staging.ivg.it\/ediapi\/wp\/v2\/posts\/213263\/revisions"}],"wp:attachment":[{"href":"https:\/\/staging.ivg.it\/ediapi\/wp\/v2\/media?parent=213263"}],"wp:term":[{"taxonomy":"category","embeddable":true,"href":"https:\/\/staging.ivg.it\/ediapi\/wp\/v2\/categories?post=213263"},{"taxonomy":"post_tag","embeddable":true,"href":"https:\/\/staging.ivg.it\/ediapi\/wp\/v2\/tags?post=213263"}],"curies":[{"name":"wp","href":"https:\/\/api.w.org\/{rel}","templated":true}]}}