{"id":213261,"date":"2012-03-12T18:13:53","date_gmt":"2012-03-12T17:13:53","guid":{"rendered":"http:\/\/www.ivg.it\/?p=213261"},"modified":"2012-03-13T08:58:57","modified_gmt":"2012-03-13T07:58:57","slug":"lavori-su-frana-di-nasino-burlando-parte-di-finanziamenti-saranno-disponibili-in-somma-urgenza","status":"publish","type":"post","link":"https:\/\/staging.ivg.it\/2012\/03\/lavori-su-frana-di-nasino-burlando-parte-di-finanziamenti-saranno-disponibili-in-somma-urgenza\/","title":{"rendered":"Lavori su frana di Nasino, Burlando: &#8220;Parte di finanziamenti saranno disponibili in somma urgenza&#8221;"},"content":{"rendered":"<p><strong>Nasino<\/strong>. Il governatore regionale Claudio Burlando rassicura il sindaco di Nasino sugli interventi per il paese dell&#8217;entroterra ingauno: &#8220;Nasino \u00e8 il 174\u00b0 Comune visitato negli ultimi due anni, \u00e8 una bella media. Abbiamo terminato la realizzazione dell&#8217;acquedotto. Sulla frana ci saranno dei finanziamenti che saranno disponibile a breve, anche una parte in somma urgenza&#8221;.<\/p>\n<p>La richiesta dell&#8217;amministrazione comunale \u00e8 soprattutto per ripristinare la viabilit\u00e0 compromessa dalla frana in localit\u00e0 Costa. &#8220;Il fronte della frana \u00e8 molto grande, sceglieremo con il Comune le zone pi\u00f9 pericolose e daremo risposte alle zone pi\u00f9 pressanti per mettere a salvaguardia i nuclei abitati&#8221; ha detto Burlando.<\/p>\n<p>Il sindaco di Nasino, Marino Alberto, ha inoltre presentato al governo regionale l&#8217;idea di acquisire e valorizzare i ruderi del vecchio castello Costa del Carretto.<\/p>\n","protected":false},"excerpt":{"rendered":"<p>Nasino. Il governatore regionale Claudio Burlando rassicura il sindaco di Nasino sugli interventi per il paese dell&#8217;entroterra ingauno: &#8220;Nasino \u00e8 il 174\u00b0 Comune visitato negli ultimi due anni, \u00e8 una bella media. Abbiamo terminato la realizzazione dell&#8217;acquedotto. Sulla frana ci saranno dei finanziamenti che saranno disponibile a breve, anche una parte in somma urgenza&#8221;. La [&hellip;]<\/p>\n","protected":false},"author":13744,"featured_media":0,"comment_status":"open","ping_status":"closed","sticky":false,"template":"","format":"standard","meta":{"footnotes":""},"categories":[31],"tags":[284,2838,85922],"class_list":["post-213261","post","type-post","status-publish","format-standard","hentry","category-politica","tag-claudio-burlando","tag-frana","tag-nasino"],"amp_validity":null,"amp_enabled":true,"_links":{"self":[{"href":"https:\/\/staging.ivg.it\/ediapi\/wp\/v2\/posts\/213261","targetHints":{"allow":["GET"]}}],"collection":[{"href":"https:\/\/staging.ivg.it\/ediapi\/wp\/v2\/posts"}],"about":[{"href":"https:\/\/staging.ivg.it\/ediapi\/wp\/v2\/types\/post"}],"author":[{"embeddable":true,"href":"https:\/\/staging.ivg.it\/ediapi\/wp\/v2\/users\/13744"}],"replies":[{"embeddable":true,"href":"https:\/\/staging.ivg.it\/ediapi\/wp\/v2\/comments?post=213261"}],"version-history":[{"count":0,"href":"https:\/\/staging.ivg.it\/ediapi\/wp\/v2\/posts\/213261\/revisions"}],"wp:attachment":[{"href":"https:\/\/staging.ivg.it\/ediapi\/wp\/v2\/media?parent=213261"}],"wp:term":[{"taxonomy":"category","embeddable":true,"href":"https:\/\/staging.ivg.it\/ediapi\/wp\/v2\/categories?post=213261"},{"taxonomy":"post_tag","embeddable":true,"href":"https:\/\/staging.ivg.it\/ediapi\/wp\/v2\/tags?post=213261"}],"curies":[{"name":"wp","href":"https:\/\/api.w.org\/{rel}","templated":true}]}}