{"id":213254,"date":"2012-03-12T16:59:33","date_gmt":"2012-03-12T15:59:33","guid":{"rendered":"http:\/\/www.ivg.it\/?p=213254"},"modified":"2012-03-12T16:59:33","modified_gmt":"2012-03-12T15:59:33","slug":"il-coro-polifonico-anton-bruckner-di-savona-in-concerto-a-celle","status":"publish","type":"post","link":"https:\/\/staging.ivg.it\/2012\/03\/il-coro-polifonico-anton-bruckner-di-savona-in-concerto-a-celle\/","title":{"rendered":"Il Coro Polifonico Anton Bruckner di Savona in concerto a Celle"},"content":{"rendered":"<p><strong>Celle<\/strong>. Dopo una pausa tecnica, riprende l&#8217;attivit\u00e0 artistica del Coro Polifonico Anton Bruckner di Savona fondato nel 1987 da Marco Esposto, tutt&#8217;oggi direttore.<\/p>\n<p>Il concerto si terr\u00e0 sabato 17 marzo  alle ore 21 presso la Chiesa Parrocchiale di San Michele Arcangelo di Celle gentilmente concessa dal parroco Don Pietro Pinetto. <\/p>\n<p>Il programma prevede musiche di Tchaikovsky, Vaughan Williams, Beethoven, Debussy, Ravel, Poulenc, Bruckner, Pachelbel, Buxtehude: una variet\u00e0 di proposta musicale in piena coerenza con la &#8220;mission&#8221; di questo sodalizio artistico volta alla ricerca e proposizione delle composizioni vocali d\u2019autore, sacre e profane, dal tardo ottocento ai giorni nostri.<\/p>\n<p>Oltre alla presentazione di alcune rarit\u00e0 per coro di Beethoven, Debussy e Ravel, di notevole interesse \u00e8 la preziosa Cantata di Natale di Buxtehude (Das newgeborne Kindelein BuxWV 13, per coro e archi) che sar\u00e0 eseguita insieme al &#8220;Gruppo d&#8217;archi giovani allievi&#8221; costituito da giovani violinisti (Gabriele Falco, Chiara Giraudo, Lisa Sanguineti, Caterina Motta, Stella Volpini, Valentina Sebastiani, Francesco Manconi) preparati e guidati dalla violinista Chiara Gamba, col sostegno all&#8217;organo-continuo di Irene Schiavetta.<\/p>\n<p>Questo nuovo progetto musicale del Coro Anton Bruckner di Savona \u00e8 mirato specificamente a promuovere le esperienze musicali nei ragazzi che si impegnano nella scuola e nella disciplina musicale, proponendo questi esempi quale stimolo a partecipare tutti in prima persona all&#8217;esperienza di &#8220;far musica&#8221;.<\/p>\n","protected":false},"excerpt":{"rendered":"<p>Celle. Dopo una pausa tecnica, riprende l&#8217;attivit\u00e0 artistica del Coro Polifonico Anton Bruckner di Savona fondato nel 1987 da Marco Esposto, tutt&#8217;oggi direttore. Il concerto si terr\u00e0 sabato 17 marzo alle ore 21 presso la Chiesa Parrocchiale di San Michele Arcangelo di Celle gentilmente concessa dal parroco Don Pietro Pinetto. Il programma prevede musiche di [&hellip;]<\/p>\n","protected":false},"author":13744,"featured_media":0,"comment_status":"open","ping_status":"closed","sticky":false,"template":"","format":"standard","meta":{"footnotes":""},"categories":[],"tags":[3541,620,85850],"class_list":["post-213254","post","type-post","status-publish","format-standard","hentry","tag-celle","tag-concerti","tag-savona","post_cat_citta-celle-ligure"],"amp_validity":null,"amp_enabled":true,"_links":{"self":[{"href":"https:\/\/staging.ivg.it\/ediapi\/wp\/v2\/posts\/213254","targetHints":{"allow":["GET"]}}],"collection":[{"href":"https:\/\/staging.ivg.it\/ediapi\/wp\/v2\/posts"}],"about":[{"href":"https:\/\/staging.ivg.it\/ediapi\/wp\/v2\/types\/post"}],"author":[{"embeddable":true,"href":"https:\/\/staging.ivg.it\/ediapi\/wp\/v2\/users\/13744"}],"replies":[{"embeddable":true,"href":"https:\/\/staging.ivg.it\/ediapi\/wp\/v2\/comments?post=213254"}],"version-history":[{"count":0,"href":"https:\/\/staging.ivg.it\/ediapi\/wp\/v2\/posts\/213254\/revisions"}],"wp:attachment":[{"href":"https:\/\/staging.ivg.it\/ediapi\/wp\/v2\/media?parent=213254"}],"wp:term":[{"taxonomy":"category","embeddable":true,"href":"https:\/\/staging.ivg.it\/ediapi\/wp\/v2\/categories?post=213254"},{"taxonomy":"post_tag","embeddable":true,"href":"https:\/\/staging.ivg.it\/ediapi\/wp\/v2\/tags?post=213254"}],"curies":[{"name":"wp","href":"https:\/\/api.w.org\/{rel}","templated":true}]}}