{"id":213228,"date":"2012-03-12T14:45:49","date_gmt":"2012-03-12T13:45:49","guid":{"rendered":"http:\/\/www.ivg.it\/?p=213228"},"modified":"2012-03-12T14:45:49","modified_gmt":"2012-03-12T13:45:49","slug":"crisi-fac-i-lavoratori-incontrano-il-sindaco-entro-la-settimana-un-tavolo-con-proprieta-enti-e-sindacati","status":"publish","type":"post","link":"https:\/\/staging.ivg.it\/2012\/03\/crisi-fac-i-lavoratori-incontrano-il-sindaco-entro-la-settimana-un-tavolo-con-proprieta-enti-e-sindacati\/","title":{"rendered":"Crisi Fac, i lavoratori incontrano il sindaco: entro la settimana un tavolo con propriet\u00e0, enti e sindacati"},"content":{"rendered":"<p><strong>Albisola<\/strong>. \u201cAiutateci a salvare la Fac\u201d Questo in sintesi il messaggio del documento elaborato dai lavoratori della Fac e consegnato al Comune di Albisola. <\/p>\n<p>\u201cI lavoratori della Fac intendono sensibilizzare l&#8217;opinione pubblica rispetto alla grave crisi aziendale che mette in seri a discussione l&#8217;attivit\u00e0 della storica azienda di ceramiche di Albisola e soprattutto i posto di lavoro di 160 addetti. Ad oggi registriamo un preoccupante immobilismo e l&#8217;assoluta assenza della propriet\u00e0, situazione che non potr\u00e0 che portare ulteriori perdita di quote di mercato e la inevitabile lenta agonia\u201d si legge nel documento.<\/p>\n<p>&#8220;I lavoratori sono stati ricevuti in Comune dall\u2019assessore Gambetta e il sindaco Franco Orsi si \u00e8 impegnato ad aprire un confronto entro la fine della settimana tra il Comune di Albisola, la Provincia, la Fac e i sindacati affinch\u00e9 si trovi una soluzione per riaprire al pi\u00f9 presto l&#8217;attivit\u00e0\u201d riferisce Alessandro Milanesi, referente Rsu.<\/p>\n","protected":false},"excerpt":{"rendered":"<p>Albisola. \u201cAiutateci a salvare la Fac\u201d Questo in sintesi il messaggio del documento elaborato dai lavoratori della Fac e consegnato al Comune di Albisola. \u201cI lavoratori della Fac intendono sensibilizzare l&#8217;opinione pubblica rispetto alla grave crisi aziendale che mette in seri a discussione l&#8217;attivit\u00e0 della storica azienda di ceramiche di Albisola e soprattutto i posto [&hellip;]<\/p>\n","protected":false},"author":13744,"featured_media":0,"comment_status":"open","ping_status":"closed","sticky":false,"template":"","format":"standard","meta":{"footnotes":""},"categories":[35],"tags":[432,595,7268,410],"class_list":["post-213228","post","type-post","status-publish","format-standard","hentry","category-economia","tag-albisola","tag-crisi","tag-fac","tag-sindacati","post_cat_citta-albisola-superiore"],"amp_validity":null,"amp_enabled":true,"_links":{"self":[{"href":"https:\/\/staging.ivg.it\/ediapi\/wp\/v2\/posts\/213228","targetHints":{"allow":["GET"]}}],"collection":[{"href":"https:\/\/staging.ivg.it\/ediapi\/wp\/v2\/posts"}],"about":[{"href":"https:\/\/staging.ivg.it\/ediapi\/wp\/v2\/types\/post"}],"author":[{"embeddable":true,"href":"https:\/\/staging.ivg.it\/ediapi\/wp\/v2\/users\/13744"}],"replies":[{"embeddable":true,"href":"https:\/\/staging.ivg.it\/ediapi\/wp\/v2\/comments?post=213228"}],"version-history":[{"count":0,"href":"https:\/\/staging.ivg.it\/ediapi\/wp\/v2\/posts\/213228\/revisions"}],"wp:attachment":[{"href":"https:\/\/staging.ivg.it\/ediapi\/wp\/v2\/media?parent=213228"}],"wp:term":[{"taxonomy":"category","embeddable":true,"href":"https:\/\/staging.ivg.it\/ediapi\/wp\/v2\/categories?post=213228"},{"taxonomy":"post_tag","embeddable":true,"href":"https:\/\/staging.ivg.it\/ediapi\/wp\/v2\/tags?post=213228"}],"curies":[{"name":"wp","href":"https:\/\/api.w.org\/{rel}","templated":true}]}}