{"id":213211,"date":"2012-03-12T17:28:16","date_gmt":"2012-03-12T16:28:16","guid":{"rendered":"http:\/\/www.ivg.it\/?p=213211"},"modified":"2012-03-15T11:25:49","modified_gmt":"2012-03-15T10:25:49","slug":"nasino-il-sindaco-marino-alberto-alla-regione-chiesto-aiuto-per-il-castello-costa-del-carretto-e-completare-pavimentazioni","status":"publish","type":"post","link":"https:\/\/staging.ivg.it\/2012\/03\/nasino-il-sindaco-marino-alberto-alla-regione-chiesto-aiuto-per-il-castello-costa-del-carretto-e-completare-pavimentazioni\/","title":{"rendered":"Nasino, il sindaco Marino Alberto: &#8220;Alla Regione chiesto aiuto per il castello Costa del Carretto e completare pavimentazioni&#8221;"},"content":{"rendered":"<p><strong>Nasino<\/strong>. Un progetto per l&#8217;acquisizione e la ristrutturazione del castello Costa del Carretto a Nasino: lo ha presentato il sindaco Marino Alberto al governatore regionale Claudio Burlando.<\/p>\n<p>&#8220;Abbiamo effettuato un sopralluogo presso i ruderi del vecchio castello dei Carretto, nota famiglia cui sono legate altre vestigia storiche, come lo stesso castello di Alto &#8211; spiega il primo cittadino &#8211; Questo nel nostro Comune \u00e8 un castello privato. Abbiamo contattato i proprietari e abbiamo deciso di acquistare l&#8217;area per valorizzarla. Il complesso \u00e8 in condizioni fatiscenti ed \u00e8 da recuperare, con una somma piuttosto consistente. Abbiamo chiesto alla Regione di adoperarsi per aiutarci nella ristrutturazione come fatto per altre bellezze della valle&#8221;.<\/p>\n<p>&#8220;Chiederemo inoltre interventi per completare le opere di pavimentazione tipica nelle frazioni &#8211; prosegue il sindaco Marino Alberto &#8211; Qui ci sono ancora le creuze. La localit\u00e0 Vignola \u00e8 stata completata, mentre la frazione Chiesa \u00e8 ancora da completare in ciottoli, cos\u00ec daremo restituiremo una conformazione tradizionale agli abitati&#8221;.<\/p>\n","protected":false},"excerpt":{"rendered":"<p>Nasino. Un progetto per l&#8217;acquisizione e la ristrutturazione del castello Costa del Carretto a Nasino: lo ha presentato il sindaco Marino Alberto al governatore regionale Claudio Burlando. &#8220;Abbiamo effettuato un sopralluogo presso i ruderi del vecchio castello dei Carretto, nota famiglia cui sono legate altre vestigia storiche, come lo stesso castello di Alto &#8211; spiega [&hellip;]<\/p>\n","protected":false},"author":13744,"featured_media":0,"comment_status":"open","ping_status":"closed","sticky":false,"template":"","format":"standard","meta":{"footnotes":""},"categories":[31],"tags":[1199,284,85922,295],"class_list":["post-213211","post","type-post","status-publish","format-standard","hentry","category-politica","tag-castello","tag-claudio-burlando","tag-nasino","tag-regione"],"amp_validity":null,"amp_enabled":true,"_links":{"self":[{"href":"https:\/\/staging.ivg.it\/ediapi\/wp\/v2\/posts\/213211","targetHints":{"allow":["GET"]}}],"collection":[{"href":"https:\/\/staging.ivg.it\/ediapi\/wp\/v2\/posts"}],"about":[{"href":"https:\/\/staging.ivg.it\/ediapi\/wp\/v2\/types\/post"}],"author":[{"embeddable":true,"href":"https:\/\/staging.ivg.it\/ediapi\/wp\/v2\/users\/13744"}],"replies":[{"embeddable":true,"href":"https:\/\/staging.ivg.it\/ediapi\/wp\/v2\/comments?post=213211"}],"version-history":[{"count":0,"href":"https:\/\/staging.ivg.it\/ediapi\/wp\/v2\/posts\/213211\/revisions"}],"wp:attachment":[{"href":"https:\/\/staging.ivg.it\/ediapi\/wp\/v2\/media?parent=213211"}],"wp:term":[{"taxonomy":"category","embeddable":true,"href":"https:\/\/staging.ivg.it\/ediapi\/wp\/v2\/categories?post=213211"},{"taxonomy":"post_tag","embeddable":true,"href":"https:\/\/staging.ivg.it\/ediapi\/wp\/v2\/tags?post=213211"}],"curies":[{"name":"wp","href":"https:\/\/api.w.org\/{rel}","templated":true}]}}