{"id":213191,"date":"2012-03-12T08:35:06","date_gmt":"2012-03-12T07:35:06","guid":{"rendered":"http:\/\/www.ivg.it\/?p=213191"},"modified":"2012-03-12T15:51:57","modified_gmt":"2012-03-12T14:51:57","slug":"appuntamento-con-la-storia-ad-albenga","status":"publish","type":"post","link":"https:\/\/staging.ivg.it\/2012\/03\/appuntamento-con-la-storia-ad-albenga\/","title":{"rendered":"Appuntamento con  la storia ad Albenga"},"content":{"rendered":"<p><strong>Albenga<\/strong>. Incontro con la storia ad Albenga: venerd\u00ec 16 marzo alle ore 20,30 a Palazzo Oddo in via Roma si terr\u00e0 la prima conferenza-lezione dello storico professor Pier Franco Quaglieni, presidente della societ\u00e0 internazionale di storia contemporanea, sezione italiana &#8220;Federico Chabod&#8221;, che apre il ciclo &#8220;Incontri con la storia&#8221; promosso dalla  Fondazione &#8220;Gian Maria  Oddi&#8221; con la collaborazione del Centro Pannunzio.<\/p>\n<p>La prima conferenza  \u00e8 dedicata al tema &#8220;Cos&#8217;\u00e8 la storia&#8221;. Introdurr\u00e0 e coordinar\u00e0 l&#8217;incontro il consigliere della Fondazione &#8220;Oddi&#8221;, professor Gianni Ballabio, promotore dell&#8217;iniziativa. Nei due  venerd\u00ec successivi (il 23 e il 30 marzo)  il professor Quaglieni riferir\u00e0 su &#8220;La storia \u00e8 &#8216;magistra vitae&#8217;?&#8221; e su &#8220;Quanto sia difficile  scrivere di storia contemporanea&#8221;.<\/p>\n<p>Spiega il professor Gianni Ballabio: &#8220;Scopo degli incontri, che si rivolgono ad un pubblico interessato ai temi storici senza distinzioni di et\u00e0, intende offrire la possibilit\u00e0 di comprendere cosa sia la storia, come si scrive, come si studia o anche soltanto come si legge. Il ciclo \u00e8 quindi aperto anche alla partecipazione degli studenti delle classi terminali  delle scuole superiori per contribuire alla loro formazione storiografica in modo critico&#8221;.<\/p>\n<p>Ai docenti presenti verr\u00e0 rilasciato un certificato di frequenza per l&#8217;aggiornamento e agli studenti un attestato  per il credito formativo scolastico. Quaglieni ha a sua volta anticipato alcune informazioni sul ciclo: &#8220;Ci sono dei luoghi comuni che continuano a circolare, anche se si tratta di veri e propri errori: bisogna sfatare l&#8217;idea di una storia intesa come scienza e quindi asettica, cos\u00ec come bisogna evidenziare le pseudo-storie in cui spesso cade chi non fa della ricerca d&#8217;archivio il suo punto di partenza. Sono le pseudo-storie, che Nietzsche definiva &#8216;storia monumentale&#8217; con funzione apologetico-propagandistica. Un altro luogo comune \u00e8 che la storia si ripeta e quindi sia di insegnamento per le generazioni future. Gi\u00e0 Francesco Guicciardini diede risposte a questo interrogativo. Infine analizzeremo le difficolt\u00e0 di scrivere di storia contemporanea, partendo dalla definizione stessa della &#8216;storia dei nostri tempi&#8217;, per dirla con Croce. Parleremo anche del tema scottante del revisionismo storiografico&#8221;.<\/p>\n","protected":false},"excerpt":{"rendered":"<p>Albenga. Incontro con la storia ad Albenga: venerd\u00ec 16 marzo alle ore 20,30 a Palazzo Oddo in via Roma si terr\u00e0 la prima conferenza-lezione dello storico professor Pier Franco Quaglieni, presidente della societ\u00e0 internazionale di storia contemporanea, sezione italiana &#8220;Federico Chabod&#8221;, che apre il ciclo &#8220;Incontri con la storia&#8221; promosso dalla Fondazione &#8220;Gian Maria Oddi&#8221; [&hellip;]<\/p>\n","protected":false},"author":13744,"featured_media":0,"comment_status":"open","ping_status":"closed","sticky":false,"template":"","format":"standard","meta":{"footnotes":""},"categories":[],"tags":[85841,2293,26071,2292],"class_list":["post-213191","post","type-post","status-publish","format-standard","hentry","tag-albenga","tag-centro-pannunzio","tag-gianni-ballabio","tag-pier-franco-quaglieni","post_cat_citta-albenga"],"amp_validity":null,"amp_enabled":true,"_links":{"self":[{"href":"https:\/\/staging.ivg.it\/ediapi\/wp\/v2\/posts\/213191","targetHints":{"allow":["GET"]}}],"collection":[{"href":"https:\/\/staging.ivg.it\/ediapi\/wp\/v2\/posts"}],"about":[{"href":"https:\/\/staging.ivg.it\/ediapi\/wp\/v2\/types\/post"}],"author":[{"embeddable":true,"href":"https:\/\/staging.ivg.it\/ediapi\/wp\/v2\/users\/13744"}],"replies":[{"embeddable":true,"href":"https:\/\/staging.ivg.it\/ediapi\/wp\/v2\/comments?post=213191"}],"version-history":[{"count":0,"href":"https:\/\/staging.ivg.it\/ediapi\/wp\/v2\/posts\/213191\/revisions"}],"wp:attachment":[{"href":"https:\/\/staging.ivg.it\/ediapi\/wp\/v2\/media?parent=213191"}],"wp:term":[{"taxonomy":"category","embeddable":true,"href":"https:\/\/staging.ivg.it\/ediapi\/wp\/v2\/categories?post=213191"},{"taxonomy":"post_tag","embeddable":true,"href":"https:\/\/staging.ivg.it\/ediapi\/wp\/v2\/tags?post=213191"}],"curies":[{"name":"wp","href":"https:\/\/api.w.org\/{rel}","templated":true}]}}