{"id":213105,"date":"2012-03-10T08:31:05","date_gmt":"2012-03-10T07:31:05","guid":{"rendered":"http:\/\/www.ivg.it\/?p=213105"},"modified":"2012-03-10T11:39:17","modified_gmt":"2012-03-10T10:39:17","slug":"aquiloni-variopinti-commedie-teatrali-e-mercatini-cosa-fare-nel-weekend","status":"publish","type":"post","link":"https:\/\/staging.ivg.it\/2012\/03\/aquiloni-variopinti-commedie-teatrali-e-mercatini-cosa-fare-nel-weekend\/","title":{"rendered":"Aquiloni variopinti, commedie teatrali e mercatini: cosa fare nel weekend"},"content":{"rendered":"<p><strong>Ponente.<\/strong> Sar\u00e0 un weekend con il naso all&#8217;ins\u00f9 per grandi e piccini. Almeno sul lungomare Spotorno che, oggi e domani, ospita il Festival del vento: come nelle passate edizioni a dare il via alla rassegna saranno gli aquiloni dei migliori specialisti nazionali ed internazionali. Orari: dalle 14,30 alle 17,30, domenica 11 dalle 10,30 alle 12,30 e dalle 14,30 alle 17,30.<\/p>\n<p>Per chi fosse interessato alle alternative, sar\u00e0 un fine settimana a teatro o a passeggio tra un mercatino e l&#8217;altro nelle cittadine della nostra Riviera. Al teatro Don Bosco a Savona, ad esempio, andr\u00e0 in scena, questa sera alle 21, la commedia dialettale &#8220;Barbera e Champagne&#8221;, con lo storico gruppo di teatro dialettale &#8220;La Torretta&#8221;.<\/p>\n<p>A Cairo Montenotte, invece, dalle 15,30 alle 18 &#8220;Scuolabuffo&#8221;, fiera dei divertimenti nel foyer del Palazzo di Citt\u00e0; a Vado Ligure dalle 9 alle 20 &#8220;Vado au desbarassu&#8221; nel centro cittadino, degustazioni con stand.<\/p>\n<p>Largo ai piaceri del palato anche ad Albenga con la seconda edizione di &#8220;Gusti &amp; Colori&#8221; presso Palazzo Scotto Niccolari luned\u00ec dalle 14 alle 22. Si potranno degustare i vini e non solo presentati direttamente dai produttori e enologi delle singole aziende che interverranno. Ingresso aperto a tutti a 5 euro.<\/p>\n<p>Per i pi\u00f9 &#8220;acculturati&#8221;, prosegue ad Albenga la serie di conferenze sul Settecento in Liguria, organizzate dall\u2019Istituto di Studi Liguri. Oggi alle 16,30, a Palazzo Peloso Cepolla, il professor Antonio Rolandi Ricci, terr\u00e0 una conferenza incentrata sulla figura dell\u2019artista Anton Maria Maragliano, dal titolo: &#8220;Maragliano e maraglianeschi nella Diocesi di Albenga: note di aggiornamento&#8221;.<\/p>\n<p>Infine, sempre nella citt\u00e0 delle torri, oggi pomeriggio inaugurazione della mostra fotografica &#8220;Il mondo della fionda \u00e8 il mio obiettivo&#8221; dedicata dal Circolo fotografico San Giorgio ai Fieui di caruggi e al Premio Nazionale Fionda di legno, che, come noto, sar\u00e0 consegnato sabato 24 marzo da Antonio Ricci a Roberto Vecchioni. La festa sar\u00e0 allietata dalla musica de &#8220;I tre gotti&#8221; (Gigi Flammia, Luciano Pollero e Cesare Arena)  e vedr\u00e0 anche la scopertura ufficiale della ceramica autografata dal soprano Angelica Cirillo, che presenzier\u00e0 alla cerimonia.<\/p>\n<p>Loano: la Compagnia di Operetta Corrado Abbati presenta questa sera al Loanese il musical di Cole Porter &#8220;Can Can&#8221; (ore 21) con un cast di oltre venti artisti che racconta la storia di questo ballo utilizzando ambientazioni, costumi e coreografie in stile Belle Epoque.<\/p>\n<p>Shopping ad Alassio con il mercatino dell\u2019artigianato nel centro storico.<\/p>\n<p>Finale Ligure: pista di pattinaggio sul ghiaccio in piazza Vittorio Emanuele II. Alle 20,45 &#8220;Fantademocrazie? La primavera araba e il ruolo dell\u2019Iran nell\u2019area mediorientale&#8221;, incontro con Pejman Abdolmohammadi, islamologo ed esperto del Medio Oriente, al Bar Ubuntu (via Concezione 59).<\/p>\n","protected":false},"excerpt":{"rendered":"<p>Ponente. Sar\u00e0 un weekend con il naso all&#8217;ins\u00f9 per grandi e piccini. Almeno sul lungomare Spotorno che, oggi e domani, ospita il Festival del vento: come nelle passate edizioni a dare il via alla rassegna saranno gli aquiloni dei migliori specialisti nazionali ed internazionali. Orari: dalle 14,30 alle 17,30, domenica 11 dalle 10,30 alle 12,30 [&hellip;]<\/p>\n","protected":false},"author":13744,"featured_media":0,"comment_status":"open","ping_status":"closed","sticky":false,"template":"","format":"standard","meta":{"footnotes":""},"categories":[],"tags":[85824,85841,151,85980,19378,209,85827,2281,85850,85863,490,261,15287],"class_list":["post-213105","post","type-post","status-publish","format-standard","hentry","tag-alassio","tag-albenga","tag-cairo","tag-eventi","tag-festival-del-vento","tag-finale","tag-loano","tag-mercatini-2","tag-savona","tag-spotorno","tag-teatro","tag-vado","tag-weekend","post_cat_citta-alassio","post_cat_citta-albenga","post_cat_citta-cairo-montenotte","post_cat_citta-finale-ligure","post_cat_citta-loano","post_cat_citta-savona","post_cat_citta-spotorno","post_cat_citta-vado-ligure"],"amp_validity":null,"amp_enabled":true,"_links":{"self":[{"href":"https:\/\/staging.ivg.it\/ediapi\/wp\/v2\/posts\/213105","targetHints":{"allow":["GET"]}}],"collection":[{"href":"https:\/\/staging.ivg.it\/ediapi\/wp\/v2\/posts"}],"about":[{"href":"https:\/\/staging.ivg.it\/ediapi\/wp\/v2\/types\/post"}],"author":[{"embeddable":true,"href":"https:\/\/staging.ivg.it\/ediapi\/wp\/v2\/users\/13744"}],"replies":[{"embeddable":true,"href":"https:\/\/staging.ivg.it\/ediapi\/wp\/v2\/comments?post=213105"}],"version-history":[{"count":0,"href":"https:\/\/staging.ivg.it\/ediapi\/wp\/v2\/posts\/213105\/revisions"}],"wp:attachment":[{"href":"https:\/\/staging.ivg.it\/ediapi\/wp\/v2\/media?parent=213105"}],"wp:term":[{"taxonomy":"category","embeddable":true,"href":"https:\/\/staging.ivg.it\/ediapi\/wp\/v2\/categories?post=213105"},{"taxonomy":"post_tag","embeddable":true,"href":"https:\/\/staging.ivg.it\/ediapi\/wp\/v2\/tags?post=213105"}],"curies":[{"name":"wp","href":"https:\/\/api.w.org\/{rel}","templated":true}]}}