{"id":212881,"date":"2012-03-07T13:36:01","date_gmt":"2012-03-07T12:36:01","guid":{"rendered":"http:\/\/www.ivg.it\/?p=212881"},"modified":"2012-03-08T08:29:33","modified_gmt":"2012-03-08T07:29:33","slug":"arresto-fameli-abbondanza-casa-della-legalita-e-un-gran-giorno-colpito-lintoccabile","status":"publish","type":"post","link":"https:\/\/staging.ivg.it\/2012\/03\/arresto-fameli-abbondanza-casa-della-legalita-e-un-gran-giorno-colpito-lintoccabile\/","title":{"rendered":"Arresto Fameli, Abbondanza (Casa della Legalit\u00e0): &#8220;E&#8217; un gran giorno, colpito l&#8217;intoccabile&#8221;"},"content":{"rendered":"<p><strong>Loano<\/strong>. &#8220;Bisogna colpire gli intoccabili, oggi \u00e8 un gran giorno&#8221;. Cos\u00ec Christian Abbondanza, portavoce e presidente dell&#8217;associazione Casa della Legalit\u00e0, commenta l&#8217;arresto di Antonio Fameli e dei suo stretti collaboratori nell&#8217;ambito dell&#8217;inchiesta antiusura e antiriciclaggio della polizia savonese. <\/p>\n<p>&#8220;S\u00ec, per noi \u00e8 un gran giorno: finalmente Fameli, l&#8217;uomo dei Piromalli nella riviera savonese, \u00e8 stato colpito con l&#8217;arresto e con 10 milioni di beni sequestrati &#8211; osserva Abbondanza &#8211; E&#8217; un risultato importante perch\u00e9 fino a qualche anno fa anche qualche esponente della giustizia considerava Fameli ancora un fonte confidenziale importante, nonostante una condanna per omicidio annullata per vizio di forma, nonostante condanne definitive per truffa, nonostante continuasse un&#8217;azione di riciclaggio per conto dei capitali illeciti della &#8216;ndrangheta che partiva dalla Liguria fino all&#8217;America Latina&#8221;. <\/p>\n<p>&#8220;Fameli, in contatto stretto con il capo della cosca Gullace-Raso-Albanese, legati ai Piromalli, nel Nord Italia, cio\u00e8 Carmelo Gullace, che &#8216;opera&#8217; a Toirano, sembrava intoccabile. Noi abbiamo puntato pi\u00f9 volte l&#8217;indice perch\u00e9 la societ\u00e0 civile deve fare questo: come si vede, se si denuncia questi soggetti possono essere colpiti. E bisogna colpire questi &#8216;intoccabili'&#8221; sottolinea Abbondanza, protagonista di opere di volantinaggio e sensibilizzazione sulle infiltrazioni mafiose in Liguria (con manifestazioni anche sotto la casa stessa di Fameli). <\/p>\n","protected":false},"excerpt":{"rendered":"<p>Loano. &#8220;Bisogna colpire gli intoccabili, oggi \u00e8 un gran giorno&#8221;. Cos\u00ec Christian Abbondanza, portavoce e presidente dell&#8217;associazione Casa della Legalit\u00e0, commenta l&#8217;arresto di Antonio Fameli e dei suo stretti collaboratori nell&#8217;ambito dell&#8217;inchiesta antiusura e antiriciclaggio della polizia savonese. &#8220;S\u00ec, per noi \u00e8 un gran giorno: finalmente Fameli, l&#8217;uomo dei Piromalli nella riviera savonese, \u00e8 stato [&hellip;]<\/p>\n","protected":false},"author":13744,"featured_media":0,"comment_status":"open","ping_status":"closed","sticky":false,"template":"","format":"standard","meta":{"footnotes":""},"categories":[34],"tags":[31670,11084,39233,85827,2955,4479],"class_list":["post-212881","post","type-post","status-publish","format-standard","hentry","category-cronaca","tag-antonio-fameli","tag-casa-della-legalita","tag-christian-abbondanza","tag-loano","tag-riciclaggio","tag-usura","post_cat_citta-loano"],"amp_validity":null,"amp_enabled":true,"_links":{"self":[{"href":"https:\/\/staging.ivg.it\/ediapi\/wp\/v2\/posts\/212881","targetHints":{"allow":["GET"]}}],"collection":[{"href":"https:\/\/staging.ivg.it\/ediapi\/wp\/v2\/posts"}],"about":[{"href":"https:\/\/staging.ivg.it\/ediapi\/wp\/v2\/types\/post"}],"author":[{"embeddable":true,"href":"https:\/\/staging.ivg.it\/ediapi\/wp\/v2\/users\/13744"}],"replies":[{"embeddable":true,"href":"https:\/\/staging.ivg.it\/ediapi\/wp\/v2\/comments?post=212881"}],"version-history":[{"count":0,"href":"https:\/\/staging.ivg.it\/ediapi\/wp\/v2\/posts\/212881\/revisions"}],"wp:attachment":[{"href":"https:\/\/staging.ivg.it\/ediapi\/wp\/v2\/media?parent=212881"}],"wp:term":[{"taxonomy":"category","embeddable":true,"href":"https:\/\/staging.ivg.it\/ediapi\/wp\/v2\/categories?post=212881"},{"taxonomy":"post_tag","embeddable":true,"href":"https:\/\/staging.ivg.it\/ediapi\/wp\/v2\/tags?post=212881"}],"curies":[{"name":"wp","href":"https:\/\/api.w.org\/{rel}","templated":true}]}}