{"id":212706,"date":"2012-03-05T12:56:20","date_gmt":"2012-03-05T11:56:20","guid":{"rendered":"http:\/\/www.ivg.it\/?p=212706"},"modified":"2012-03-05T21:56:55","modified_gmt":"2012-03-05T20:56:55","slug":"vertice-sulla-crisi-in-provincia-vaccarezza-doppio-binario-difendere-le-aziende-esistenti-ma-dire-anche-si-alle-occasioni-di-sviluppo","status":"publish","type":"post","link":"https:\/\/staging.ivg.it\/2012\/03\/vertice-sulla-crisi-in-provincia-vaccarezza-doppio-binario-difendere-le-aziende-esistenti-ma-dire-anche-si-alle-occasioni-di-sviluppo\/","title":{"rendered":"Vertice sulla crisi in Provincia, Vaccarezza: &#8220;Doppio binario: difendere le aziende esistenti, ma dire anche s\u00ec alle occasioni di sviluppo&#8221;"},"content":{"rendered":"<p><strong>Provincia<\/strong>. Crisi aziendale e situazione occupazionale sul territorio provinciale: questo l&#8217;unico punto all&#8217;ordine del giorno del consiglio straordinario a Palazzo Nervi. Il primo commento del governatore provinciale Angelo Vaccarezza: &#8220;La giornata di oggi \u00e8 andata oltre le pi\u00f9 rosee previsioni. La partecipazione \u00e8 stata molto qualificata, ma dal mio punto di osservazione, e ho presenziato a molti incontri, l&#8217;attesa di cambiamento e l&#8217;impegno si sono rivelati sinceri e forti&#8221;.<\/p>\n<p>&#8220;Ognuno ha prospettato non solo la propria formula, ma anche la propria quota di responsibilit\u00e0. Questa \u00e8 una provincia che perde dieci posti di lavoro ogni giorno, una prospettiva terrificante. La prima richiesta \u00e8 che la politica fornisca risposte rapide. Il mondo dell&#8217;imprenditoria non aspetta. Cambiare, certo, comporta difficolt\u00e0, ma occorre dire s\u00ec alle occasioni di sviluppo. Partiti con storie diverse e persone di diversa estrazione hanno un unico obiettivo: fare uscire dalle secche la provincia di Savona&#8221; osserva Vaccarezza.<\/p>\n<p>&#8220;Tutti insieme chiederemo l&#8217;attivazione di un tavolo nazionale di crisi perch\u00e9 se le difficolt\u00e0 mordono forte nel Paese, qui nel Savonese mordono ancora pi\u00f9 forte. Nonostante i detrattori dell&#8217;ente Provincia, la mattinata di oggi dimostra che proprio qui, invece, c&#8217;\u00e8 il luogo del confronto. Dobbiamo usare un doppio binario: parallelamente evitare la chiusura delle aziende storiche e incentivare gli investimenti, per creare compensazioni. Per la prima volta le divisioni politiche e le rendite di posizioni si sono fatte da parte per fare spazio agli interessi delle persone e del territorio: se fosse sempre cos\u00ec, probabilmente verrebbe meno il diffuso sentimento dell&#8217;antipolitica&#8221; conclude il prsidente della Provincia.<\/p>\n","protected":false},"excerpt":{"rendered":"<p>Provincia. Crisi aziendale e situazione occupazionale sul territorio provinciale: questo l&#8217;unico punto all&#8217;ordine del giorno del consiglio straordinario a Palazzo Nervi. Il primo commento del governatore provinciale Angelo Vaccarezza: &#8220;La giornata di oggi \u00e8 andata oltre le pi\u00f9 rosee previsioni. La partecipazione \u00e8 stata molto qualificata, ma dal mio punto di osservazione, e ho presenziato [&hellip;]<\/p>\n","protected":false},"author":13744,"featured_media":0,"comment_status":"open","ping_status":"closed","sticky":false,"template":"","format":"standard","meta":{"footnotes":""},"categories":[35,31],"tags":[595,1817,375,85850],"class_list":["post-212706","post","type-post","status-publish","format-standard","hentry","category-economia","category-politica","tag-crisi","tag-industria","tag-provincia","tag-savona","post_cat_citta-andora","post_cat_citta-savona"],"amp_validity":null,"amp_enabled":true,"_links":{"self":[{"href":"https:\/\/staging.ivg.it\/ediapi\/wp\/v2\/posts\/212706","targetHints":{"allow":["GET"]}}],"collection":[{"href":"https:\/\/staging.ivg.it\/ediapi\/wp\/v2\/posts"}],"about":[{"href":"https:\/\/staging.ivg.it\/ediapi\/wp\/v2\/types\/post"}],"author":[{"embeddable":true,"href":"https:\/\/staging.ivg.it\/ediapi\/wp\/v2\/users\/13744"}],"replies":[{"embeddable":true,"href":"https:\/\/staging.ivg.it\/ediapi\/wp\/v2\/comments?post=212706"}],"version-history":[{"count":0,"href":"https:\/\/staging.ivg.it\/ediapi\/wp\/v2\/posts\/212706\/revisions"}],"wp:attachment":[{"href":"https:\/\/staging.ivg.it\/ediapi\/wp\/v2\/media?parent=212706"}],"wp:term":[{"taxonomy":"category","embeddable":true,"href":"https:\/\/staging.ivg.it\/ediapi\/wp\/v2\/categories?post=212706"},{"taxonomy":"post_tag","embeddable":true,"href":"https:\/\/staging.ivg.it\/ediapi\/wp\/v2\/tags?post=212706"}],"curies":[{"name":"wp","href":"https:\/\/api.w.org\/{rel}","templated":true}]}}