{"id":212676,"date":"2012-03-04T18:41:10","date_gmt":"2012-03-04T17:41:10","guid":{"rendered":"http:\/\/www.ivg.it\/?p=212676"},"modified":"2012-03-05T12:06:11","modified_gmt":"2012-03-05T11:06:11","slug":"eccellenza-il-vado-mette-le-mani-sul-secondo-posto","status":"publish","type":"post","link":"https:\/\/staging.ivg.it\/2012\/03\/eccellenza-il-vado-mette-le-mani-sul-secondo-posto\/","title":{"rendered":"Eccellenza: il Vado mette le mani sul secondo posto"},"content":{"rendered":"<p><strong>Savona<\/strong>. Mentre il Sestri Levante \u00e8 vicino a festeggiare la matematica promozione in serie D, anche la contesa per la seconda piazza si \u00e8 fatta pi\u00f9 chiara.<\/p>\n<p>Il Vado, rialzatosi dopo la sconfitta con il Vallesturla, ha messo una serie ipoteca sulla posizione che dar\u00e0 diritto agli spareggi. I rossoblu si sono sbarazzati del fanalino di coda Arenzano con due reti per tempo: nella prima met\u00e0 di gara sono andati a segno Roselli e Compagnone, nella seconda Roselli e Rampini. La formazione di mister Beppe Maisano ha rafforzato il secondo posto dato che l&#8217;Imperia \u00e8 stata battuta dal Fontanabuona e il Finale ha raccolto un solo punto.<\/p>\n<p>A Sant&#8217;Olcese, infatti, i giallorossi sono parsi ben lontani dallo stato di forma espresso nella gara di andata, nella quale avevano inflitto al Campomorone un rotondo 5 a 0. I ragazzi allenati da Pietro Buttu, autori di un campionato ottimo dopo una partenza negativa, stanno accusando una lieve flessione e non sono andati oltre lo 0 a 0. E&#8217; la seconda volta, in questa stagione, che i finalesi non trovano il goal per due partite di fila: era gi\u00e0 successo solamente nel 3\u00b0 e 4\u00b0 turno, tra settembre e ottobre.<\/p>\n<p>Ancora una prestazione gagliarda per la Veloce che, al contrario, nelle ultime cinque partite ha sempre segnato. La squadra condotta da Gianfranco Pusceddu ha ottenuto la nona vittoria, la sesta casalinga, regolando il Ventimiglia per 1 a 0. Il goal vittoria \u00e8 arrivato ad una manciata di minuti dalla fine, firmato da Daltoe Perreyra. I savonesi superano la Fezzanese, battuta a domicilio dal Pontedecimo, e si godono il sesto posto solitario.<\/p>\n<p>Recuperati quasi tutti gli infortunati, la Cairese si appresta a vivere un tranquillo finale di stagione. I valbormidesi, tra le mura amiche, hanno un passo notevole: in 12 partite hanno conquistato 25 punti. Peccato che in trasferta non sappiano rendere allo stesso modo, come testimoniano i soli 8 punti strappati.<\/p>\n<p>Al Cesare Brin l&#8217;undici guidato da Mario Benzi ha avuto la meglio sul Busalla per 2 a 1 con reti di Andorno e Torra che hanno replicato all&#8217;iniziale vantaggio ospite, siglato da Morando. La Cairese ha fallito con Buelli un rigore che le avrebbe permesso di chiudere i conti e in pieno recupero Binello ha evitato il pareggio, parando un penalty a Lobascio. I biancoblu hanno chiuso in nove uomini per le espulsioni di Spallarossa e Morando.<\/p>\n<p>Quattro vittorie interne, tre esterne e un pareggio, per un totale di 18 reti segnate. E&#8217;il bilancio della 24\u00b0 giornata:<br \/>\nVado &#8211; Arenzano 4 &#8211; 0<br \/>\nCairese &#8211; Busalla 2 &#8211; 1<br \/>\nCampomorone &#8211; Finale 0 &#8211; 0<br \/>\nFontanabuona &#8211; Imperia 3 &#8211; 2<br \/>\nFezzanese &#8211; Pontedecimo 1 &#8211; 2<br \/>\nCulmvpolis Genova &#8211; Sestri Levante 0 &#8211; 1<br \/>\nRivasamba &#8211; Vallesturla 0 &#8211; 1<br \/>\nVeloce &#8211; Ventimiglia 1 &#8211; 0<\/p>\n<p>In classifica la Cairese \u00e8 appaiata al Campomorone nelle posizioni centrali:<br \/>\n1\u00b0 Sestri Levante 58<br \/>\n2\u00b0 Vado 43<br \/>\n3\u00b0 Imperia 39<br \/>\n4\u00b0 Finale 38<br \/>\n4\u00b0 Vallesturla 38<br \/>\n6\u00b0 Veloce 36<br \/>\n7\u00b0 Fezzanese 34<br \/>\n8\u00b0 Campomorone 33<br \/>\n8\u00b0 Cairese 33<br \/>\n10\u00b0 Rivasamba 30<br \/>\n10\u00b0 Fontanabuona 30<br \/>\n12\u00b0 Culmvpolis Genova 25<br \/>\n13\u00b0 Busalla 24<br \/>\n13\u00b0 Ventimiglia 24<br \/>\n13\u00b0 Pontedecimo 24<br \/>\n16\u00b0 Arenzano 8<\/p>\n<p>Gli incontri del 25\u00b0 turno, in calendario domenica 11 marzo alle ore 15,00:<br \/>\nPontedecimo &#8211; Cairese<br \/>\nVallesturla &#8211; Campomorone (sabato 3)<br \/>\nBusalla &#8211; Culmvpolis Genova<br \/>\nFinale &#8211; Fezzanese<br \/>\nSestri Levante &#8211; Fontanabuona<br \/>\nArenzano &#8211; Rivasamba<br \/>\nVentimiglia &#8211; Vado (ore 14,30)<br \/>\nImperia &#8211; Veloce<\/p>\n","protected":false},"excerpt":{"rendered":"<p>Savona. Mentre il Sestri Levante \u00e8 vicino a festeggiare la matematica promozione in serie D, anche la contesa per la seconda piazza si \u00e8 fatta pi\u00f9 chiara. Il Vado, rialzatosi dopo la sconfitta con il Vallesturla, ha messo una serie ipoteca sulla posizione che dar\u00e0 diritto agli spareggi. I rossoblu si sono sbarazzati del fanalino [&hellip;]<\/p>\n","protected":false},"author":18,"featured_media":0,"comment_status":"open","ping_status":"closed","sticky":false,"template":"","format":"standard","meta":{"footnotes":""},"categories":[32],"tags":[3414,85989,569,209,261,681],"class_list":["post-212676","post","type-post","status-publish","format-standard","hentry","category-sport","tag-cairese","tag-calcio","tag-eccellenza","tag-finale","tag-vado","tag-veloce","post_cat_citta-cairo-montenotte","post_cat_citta-finale-ligure","post_cat_citta-savona","post_cat_citta-vado-ligure"],"amp_validity":null,"amp_enabled":true,"_links":{"self":[{"href":"https:\/\/staging.ivg.it\/ediapi\/wp\/v2\/posts\/212676","targetHints":{"allow":["GET"]}}],"collection":[{"href":"https:\/\/staging.ivg.it\/ediapi\/wp\/v2\/posts"}],"about":[{"href":"https:\/\/staging.ivg.it\/ediapi\/wp\/v2\/types\/post"}],"author":[{"embeddable":true,"href":"https:\/\/staging.ivg.it\/ediapi\/wp\/v2\/users\/18"}],"replies":[{"embeddable":true,"href":"https:\/\/staging.ivg.it\/ediapi\/wp\/v2\/comments?post=212676"}],"version-history":[{"count":0,"href":"https:\/\/staging.ivg.it\/ediapi\/wp\/v2\/posts\/212676\/revisions"}],"wp:attachment":[{"href":"https:\/\/staging.ivg.it\/ediapi\/wp\/v2\/media?parent=212676"}],"wp:term":[{"taxonomy":"category","embeddable":true,"href":"https:\/\/staging.ivg.it\/ediapi\/wp\/v2\/categories?post=212676"},{"taxonomy":"post_tag","embeddable":true,"href":"https:\/\/staging.ivg.it\/ediapi\/wp\/v2\/tags?post=212676"}],"curies":[{"name":"wp","href":"https:\/\/api.w.org\/{rel}","templated":true}]}}