{"id":212571,"date":"2012-03-02T15:42:41","date_gmt":"2012-03-02T14:42:41","guid":{"rendered":"http:\/\/www.ivg.it\/?p=212571"},"modified":"2012-03-02T15:42:41","modified_gmt":"2012-03-02T14:42:41","slug":"domenica-4-marzo-presidi-fisascat-contro-la-liberalizzazioni-degli-orari-dei-negozi","status":"publish","type":"post","link":"https:\/\/staging.ivg.it\/2012\/03\/domenica-4-marzo-presidi-fisascat-contro-la-liberalizzazioni-degli-orari-dei-negozi\/","title":{"rendered":"Domenica 4 marzo presidi Fisascat contro la liberalizzazioni degli orari dei negozi"},"content":{"rendered":"<p>Prosegue a ritmo serrato l\u2019organizzazione dei presidi promossi dalle federazioni Fisascat Cisl insieme alle organizzazioni sindacali Filcams Cgil e Uiltucs Uil contro la liberalizzazione degli orari degli esercizi commerciali nell\u2019ambito della giornata europea per la domenica libera dal lavoro indetta per domenica 4 marzo dall\u2019European Sunday Alliance, il network europeo dei sindacati, delle societ\u00e0 civili e religiose impegnate ad accrescere la consapevolezza del valore della conciliazione dei tempi di vita e di lavoro.<\/p>\n<p>Sul provvedimento varato dal Governo la Fisascat ha da tempo espresso ferma contrariet\u00e0 e molte perplessit\u00e0 sulla conflittualit\u00e0 e sui disagi che gravano sui lavoratori del commercio coinvolti in misura crescente dall&#8217;allungamento dell&#8217;orario di lavoro.<\/p>\n<p>&#8220;L&#8217;adesione alle iniziative di protesta fin qui svolte dimostra quanto siano davvero pesanti le ripercussioni sulla qualit\u00e0 della vita dei lavoratori &#8211; ha dichiarato il segretario generale della Fisascat Pierangelo Raineri &#8211; La grande mobilitazione  promossa dall\u2019European Sunday Alliance sar\u00e0 un&#8217;occasione per sensibilizzare i cittadini, i consumatori e l&#8217;opinione pubblica sulle iniziative per la difesa del posto di lavoro, dei tempi di vitae  dei diritti dei lavoratori e delle lavoratrici del commercio&#8221;.<\/p>\n<p>In Liguria il presidio Fisascat si terr\u00e0 a Genova dalle 10 presso l&#8217;area del Porto Antico.<\/p>\n","protected":false},"excerpt":{"rendered":"<p>Prosegue a ritmo serrato l\u2019organizzazione dei presidi promossi dalle federazioni Fisascat Cisl insieme alle organizzazioni sindacali Filcams Cgil e Uiltucs Uil contro la liberalizzazione degli orari degli esercizi commerciali nell\u2019ambito della giornata europea per la domenica libera dal lavoro indetta per domenica 4 marzo dall\u2019European Sunday Alliance, il network europeo dei sindacati, delle societ\u00e0 civili [&hellip;]<\/p>\n","protected":false},"author":13744,"featured_media":0,"comment_status":"open","ping_status":"closed","sticky":false,"template":"","format":"standard","meta":{"footnotes":""},"categories":[35],"tags":[18209,393,17336],"class_list":["post-212571","post","type-post","status-publish","format-standard","hentry","category-economia","tag-fisascat","tag-liguria","tag-presidi","post_cat_citta-andora"],"amp_validity":null,"amp_enabled":true,"_links":{"self":[{"href":"https:\/\/staging.ivg.it\/ediapi\/wp\/v2\/posts\/212571","targetHints":{"allow":["GET"]}}],"collection":[{"href":"https:\/\/staging.ivg.it\/ediapi\/wp\/v2\/posts"}],"about":[{"href":"https:\/\/staging.ivg.it\/ediapi\/wp\/v2\/types\/post"}],"author":[{"embeddable":true,"href":"https:\/\/staging.ivg.it\/ediapi\/wp\/v2\/users\/13744"}],"replies":[{"embeddable":true,"href":"https:\/\/staging.ivg.it\/ediapi\/wp\/v2\/comments?post=212571"}],"version-history":[{"count":0,"href":"https:\/\/staging.ivg.it\/ediapi\/wp\/v2\/posts\/212571\/revisions"}],"wp:attachment":[{"href":"https:\/\/staging.ivg.it\/ediapi\/wp\/v2\/media?parent=212571"}],"wp:term":[{"taxonomy":"category","embeddable":true,"href":"https:\/\/staging.ivg.it\/ediapi\/wp\/v2\/categories?post=212571"},{"taxonomy":"post_tag","embeddable":true,"href":"https:\/\/staging.ivg.it\/ediapi\/wp\/v2\/tags?post=212571"}],"curies":[{"name":"wp","href":"https:\/\/api.w.org\/{rel}","templated":true}]}}