{"id":212450,"date":"2012-03-01T12:47:07","date_gmt":"2012-03-01T11:47:07","guid":{"rendered":"http:\/\/www.ivg.it\/?p=212450"},"modified":"2012-03-01T17:51:40","modified_gmt":"2012-03-01T16:51:40","slug":"sciopero-berruti-e-vaccarezza-in-corteo-la-politica-si-fa-carico-dellemergenza","status":"publish","type":"post","link":"https:\/\/staging.ivg.it\/2012\/03\/sciopero-berruti-e-vaccarezza-in-corteo-la-politica-si-fa-carico-dellemergenza\/","title":{"rendered":"Sciopero, Berruti e Vaccarezza in corteo: &#8220;La politica si fa carico dell&#8217;emergenza&#8221;"},"content":{"rendered":"<p><strong>Savona<\/strong>. Molti i politici locali presenti al corteo di questa mattina a Savona, da piazza del Brandale a piazza Sisto IV sino alla Prefettura. Cos\u00ec il sindaco Federico Berruti: &#8220;Il tema del lavoro \u00e8 centrale e chiave per il nostro territorio. Senza occupazione la societ\u00e0 non marcia. Anche sistemi di welfare non funzionano senza produzione di ricchezza reale e crescita&#8221;.<\/p>\n<p>&#8220;Noi possiamo svolgere, ciascuno ai propri livelli, il nostro ruolo &#8211; aggiunge &#8211; Il bilancio del Comune di Savona, che chiede sacrificio ai cittadini, serve anche per finanziare le aziende pubbliche che in questa citt\u00e0 danno lavoro a centinaia di persone; serve a dare offerte culturali e turistiche che consentono al terziario, con il suo 80% di occupati savonesi, di affrontare la crisi&#8221;.<\/p>\n<p>&#8220;Non bisogna usare slogan &#8211; conclude il primo cittadino &#8211; Il termine &#8216;conversione&#8217; per l&#8217;industria non va applicato a tutte realt\u00e0. Ogni azienda \u00e8 un patrimonio del territorio che va tutelato, conservato e rilanciato&#8221;.<\/p>\n<p>Lo sciopero generale dell&#8217;industria di quattro ore proclamato da Cgil, Cisl e Uil ha registrato un&#8217;adesione massiccia. &#8220;La politica, ora come non mai, deve farsi carico dell&#8217;emergenza lavoro&#8221; osserva il presidente della Provincia, Angelo Vaccarezza, presente al corteo.<\/p>\n<p>&#8220;Luned\u00ec mattina sar\u00e0 una giornata importante perch\u00e9 metteremo insieme tutti: parlamentari, consiglieri regionali, Provincia e tavolo del lavoro. E&#8217; la sede per dare risposte a questa emergenza senza precedenti che colpisce il Savonese&#8221; conclude Vaccarezza.<\/p>\n","protected":false},"excerpt":{"rendered":"<p>Savona. Molti i politici locali presenti al corteo di questa mattina a Savona, da piazza del Brandale a piazza Sisto IV sino alla Prefettura. Cos\u00ec il sindaco Federico Berruti: &#8220;Il tema del lavoro \u00e8 centrale e chiave per il nostro territorio. Senza occupazione la societ\u00e0 non marcia. Anche sistemi di welfare non funzionano senza produzione [&hellip;]<\/p>\n","protected":false},"author":13744,"featured_media":0,"comment_status":"open","ping_status":"closed","sticky":false,"template":"","format":"standard","meta":{"footnotes":""},"categories":[35,31],"tags":[375,85850,2152,1545],"class_list":["post-212450","post","type-post","status-publish","format-standard","hentry","category-economia","category-politica","tag-provincia","tag-savona","tag-sciopero","tag-sindacato","post_cat_citta-savona"],"amp_validity":null,"amp_enabled":true,"_links":{"self":[{"href":"https:\/\/staging.ivg.it\/ediapi\/wp\/v2\/posts\/212450","targetHints":{"allow":["GET"]}}],"collection":[{"href":"https:\/\/staging.ivg.it\/ediapi\/wp\/v2\/posts"}],"about":[{"href":"https:\/\/staging.ivg.it\/ediapi\/wp\/v2\/types\/post"}],"author":[{"embeddable":true,"href":"https:\/\/staging.ivg.it\/ediapi\/wp\/v2\/users\/13744"}],"replies":[{"embeddable":true,"href":"https:\/\/staging.ivg.it\/ediapi\/wp\/v2\/comments?post=212450"}],"version-history":[{"count":0,"href":"https:\/\/staging.ivg.it\/ediapi\/wp\/v2\/posts\/212450\/revisions"}],"wp:attachment":[{"href":"https:\/\/staging.ivg.it\/ediapi\/wp\/v2\/media?parent=212450"}],"wp:term":[{"taxonomy":"category","embeddable":true,"href":"https:\/\/staging.ivg.it\/ediapi\/wp\/v2\/categories?post=212450"},{"taxonomy":"post_tag","embeddable":true,"href":"https:\/\/staging.ivg.it\/ediapi\/wp\/v2\/tags?post=212450"}],"curies":[{"name":"wp","href":"https:\/\/api.w.org\/{rel}","templated":true}]}}