{"id":212449,"date":"2012-03-01T12:26:36","date_gmt":"2012-03-01T11:26:36","guid":{"rendered":"http:\/\/www.ivg.it\/?p=212449"},"modified":"2012-03-01T13:05:18","modified_gmt":"2012-03-01T12:05:18","slug":"lavoratori-in-piazza-per-difendere-il-proprio-futuro-siamo-la-provincia-dei-senza-lavoro","status":"publish","type":"post","link":"https:\/\/staging.ivg.it\/2012\/03\/lavoratori-in-piazza-per-difendere-il-proprio-futuro-siamo-la-provincia-dei-senza-lavoro\/","title":{"rendered":"Lavoratori in piazza per difendere il proprio futuro: &#8220;Siamo la provincia dei &#8216;senza lavoro'&#8221;"},"content":{"rendered":"<p><strong>Savona.<\/strong> &#8220;Personalmente non arrivo alla fine del mese, i giovani sono disoccupati, le aziende chiudono&#8221;: \u00e8 il quadro sconsolante descritto da uno dei lavoratori che questa mattina hanno partecipato allo sciopero che mette l&#8217;accento sulla crisi industriale che colpisce il Savonese e che vuole arrivare fino a Roma. <\/p>\n<p>&#8220;Siamo una provincia dei senza lavoro&#8221;, dice un altro manifestante. &#8220;E&#8217; una tragedia &#8211; gli fanno da eco i colleghi &#8211; Questa era l&#8217;unica azione che si poteva intraprendere per far capire che noi ci siamo, che vogliamo lavorare e non vogliamo rassegnarci a questa situazione&#8221;.<\/p>\n<p>&#8220;Le nostre risorse e istituzioni locali non possono farcela da sole a risolvere tutti i problemi dell&#8217;economia savonese, questo messaggio non deve rimanere inascoltato&#8221;: grida uno dei dipendenti delle tante realt\u00e0 a rischio chiusura del nostro territorio. La richiesta \u00e8 che il governo Monti apra un tavolo di confronto ad hoc.<\/p>\n<p>&#8220;Dico solo che hanno tentato di mettere generazioni contro generazioni, Nord contro Sud, articolo 18 a fronte della stabilit\u00e0 del lavoro, ma \u00e8 solo con l&#8217;unit\u00e0 che potremmo ottenere qualcosa&#8221;, sentenzia una donna che partecipa al corteo. Con lei, oltre un migliaio di cittadini in crisi.  <\/p>\n<p>Sono una sessantina le aziende savonese &#8220;zoppicanti&#8221; e quasi 3 mila i lavoratori coinvolti, tra diretti e indotto. <\/p>\n","protected":false},"excerpt":{"rendered":"<p>Savona. &#8220;Personalmente non arrivo alla fine del mese, i giovani sono disoccupati, le aziende chiudono&#8221;: \u00e8 il quadro sconsolante descritto da uno dei lavoratori che questa mattina hanno partecipato allo sciopero che mette l&#8217;accento sulla crisi industriale che colpisce il Savonese e che vuole arrivare fino a Roma. &#8220;Siamo una provincia dei senza lavoro&#8221;, dice [&hellip;]<\/p>\n","protected":false},"author":13744,"featured_media":0,"comment_status":"open","ping_status":"closed","sticky":false,"template":"","format":"standard","meta":{"footnotes":""},"categories":[35],"tags":[595,871,509,85850,2152],"class_list":["post-212449","post","type-post","status-publish","format-standard","hentry","category-economia","tag-crisi","tag-lavoratori","tag-lavoro","tag-savona","tag-sciopero","post_cat_citta-savona"],"amp_validity":null,"amp_enabled":true,"_links":{"self":[{"href":"https:\/\/staging.ivg.it\/ediapi\/wp\/v2\/posts\/212449","targetHints":{"allow":["GET"]}}],"collection":[{"href":"https:\/\/staging.ivg.it\/ediapi\/wp\/v2\/posts"}],"about":[{"href":"https:\/\/staging.ivg.it\/ediapi\/wp\/v2\/types\/post"}],"author":[{"embeddable":true,"href":"https:\/\/staging.ivg.it\/ediapi\/wp\/v2\/users\/13744"}],"replies":[{"embeddable":true,"href":"https:\/\/staging.ivg.it\/ediapi\/wp\/v2\/comments?post=212449"}],"version-history":[{"count":0,"href":"https:\/\/staging.ivg.it\/ediapi\/wp\/v2\/posts\/212449\/revisions"}],"wp:attachment":[{"href":"https:\/\/staging.ivg.it\/ediapi\/wp\/v2\/media?parent=212449"}],"wp:term":[{"taxonomy":"category","embeddable":true,"href":"https:\/\/staging.ivg.it\/ediapi\/wp\/v2\/categories?post=212449"},{"taxonomy":"post_tag","embeddable":true,"href":"https:\/\/staging.ivg.it\/ediapi\/wp\/v2\/tags?post=212449"}],"curies":[{"name":"wp","href":"https:\/\/api.w.org\/{rel}","templated":true}]}}