{"id":212372,"date":"2012-02-29T13:43:20","date_gmt":"2012-02-29T12:43:20","guid":{"rendered":"http:\/\/www.ivg.it\/?p=212372"},"modified":"2012-02-29T18:27:41","modified_gmt":"2012-02-29T17:27:41","slug":"pdl-valle-stasera-ad-alassio-entro-aprile-tutti-i-congressi-cittadini","status":"publish","type":"post","link":"https:\/\/staging.ivg.it\/2012\/02\/pdl-valle-stasera-ad-alassio-entro-aprile-tutti-i-congressi-cittadini\/","title":{"rendered":"Pdl, Valle stasera ad Alassio: entro aprile tutti i congressi cittadini"},"content":{"rendered":"<p><strong>Alassio<\/strong>. Stringono i tempi per completare il quadro dei segretari cittadini del Pdl. Lo stesso Angelino Alfano ha inviato una lettera ai coordinamenti provinciali per accorciare i tempi e fare in modo che fra marzo e aprile si realizzino tutti i congressi locali.<\/p>\n<p>Questa sera il neo segretario provinciale Andrea Valle sar\u00e0 ad Alassio, nello studio dell&#8217;avvocato Emanuela Preve, per il coordinamento della citt\u00e0 del muretto. Si former\u00e0 il nuovo esecutivo del Pdl con il conferimento degli incarichi. Parteciper\u00e0 una delegazione di esponenti provinciali del partito.<\/p>\n<p>E&#8217; di fatto la prima uscita politica ufficiale del nuovo segretario Valle, dopo l&#8217;elezione, con imprimatur dell&#8217;ex ministro Scajola, avvenuta al Loano 2 Village al termine del congresso provinciale.<\/p>\n","protected":false},"excerpt":{"rendered":"<p>Alassio. Stringono i tempi per completare il quadro dei segretari cittadini del Pdl. Lo stesso Angelino Alfano ha inviato una lettera ai coordinamenti provinciali per accorciare i tempi e fare in modo che fra marzo e aprile si realizzino tutti i congressi locali. Questa sera il neo segretario provinciale Andrea Valle sar\u00e0 ad Alassio, nello [&hellip;]<\/p>\n","protected":false},"author":13744,"featured_media":0,"comment_status":"open","ping_status":"closed","sticky":false,"template":"","format":"standard","meta":{"footnotes":""},"categories":[31],"tags":[85824,9954,216],"class_list":["post-212372","post","type-post","status-publish","format-standard","hentry","category-politica","tag-alassio","tag-andrea-valle","tag-pdl","post_cat_citta-alassio","post_cat_citta-andora"],"amp_validity":null,"amp_enabled":true,"_links":{"self":[{"href":"https:\/\/staging.ivg.it\/ediapi\/wp\/v2\/posts\/212372","targetHints":{"allow":["GET"]}}],"collection":[{"href":"https:\/\/staging.ivg.it\/ediapi\/wp\/v2\/posts"}],"about":[{"href":"https:\/\/staging.ivg.it\/ediapi\/wp\/v2\/types\/post"}],"author":[{"embeddable":true,"href":"https:\/\/staging.ivg.it\/ediapi\/wp\/v2\/users\/13744"}],"replies":[{"embeddable":true,"href":"https:\/\/staging.ivg.it\/ediapi\/wp\/v2\/comments?post=212372"}],"version-history":[{"count":0,"href":"https:\/\/staging.ivg.it\/ediapi\/wp\/v2\/posts\/212372\/revisions"}],"wp:attachment":[{"href":"https:\/\/staging.ivg.it\/ediapi\/wp\/v2\/media?parent=212372"}],"wp:term":[{"taxonomy":"category","embeddable":true,"href":"https:\/\/staging.ivg.it\/ediapi\/wp\/v2\/categories?post=212372"},{"taxonomy":"post_tag","embeddable":true,"href":"https:\/\/staging.ivg.it\/ediapi\/wp\/v2\/tags?post=212372"}],"curies":[{"name":"wp","href":"https:\/\/api.w.org\/{rel}","templated":true}]}}