{"id":212233,"date":"2012-02-27T18:56:03","date_gmt":"2012-02-27T17:56:03","guid":{"rendered":"http:\/\/www.ivg.it\/?p=212233"},"modified":"2012-02-28T09:41:10","modified_gmt":"2012-02-28T08:41:10","slug":"tpl-incontro-con-i-comuni-della-val-bormida-e-dellentroterra-aumento-del-40","status":"publish","type":"post","link":"https:\/\/staging.ivg.it\/2012\/02\/tpl-incontro-con-i-comuni-della-val-bormida-e-dellentroterra-aumento-del-40\/","title":{"rendered":"Tpl, incontro con i comuni della Val Bormida e dell&#8217;entroterra: aumento del 40%"},"content":{"rendered":"<p><strong>Savona.<\/strong> Si \u00e8 svolto questa mattina presso la sede di Tpl Linea l&#8217;ultimo dei tre incontri con i comuni del savonese per la definizione dell&#8217;accordo di programma 2012 per il trasporto pubblico locale con il nuovo contratto di servizio dei bus di linea. <\/p>\n<p>Assieme all&#8217;assessore provinciale Santiago Vacca e all&#8217;azienda, sono state presenti le amministrazioni comunali dell&#8217;Alta Val Bormida e dell&#8217;entroterra savonese. Per tutti \u00e8 previsto un aumento di contribuzione del 40% per mantenere i livelli di servizio anche per il 2012, alla luce dei tagli nazionali al settore che vedono per Tpl, se la Regione confermer\u00e0 i 119 mln di euro come fondo per la Liguria, un deficit di 1,4 mln di euro in relazione al quadro economico indicato dall&#8217;azienda.<\/p>\n<p>Quindi, oltre ai quasi 500 mila euro che metter\u00e0 in pi\u00f9 la Provincia, i 275 mila euro che metter\u00e0 il Comune di Savona, con l&#8217;aumento di contribuzione da parte dei comuni all&#8217;azienda di trasporto savonese mancherebbero all&#8217;appello solo pi\u00f9 600 mila euro, che Tpl ha gi\u00e0 in mente di recuperare da un riassetto ed efficientazione nell&#8217;organizzazione aziendale interna. <\/p>\n<p>A questo punto la Provincia attende le delibere dei comuni per l&#8217;aumento di contribuzione per il trasporto, con un piano a livello provinciale che ne ha rivisto i criteri: un 80% di contribuzione sulla base del numero degli abitanti ed un 20% sulla base delle corse nei rispettivi territori comunali, con l&#8217;obiettivo di fornire un assetto pi\u00f9 omegeneo e senza discrepanze tra i comuni del savonese. Con l&#8217;ok definitivo dei comuni ci sar\u00e0 in seguito il via libera all&#8217;accordo di programma per Tpl.<\/p>\n","protected":false},"excerpt":{"rendered":"<p>Savona. Si \u00e8 svolto questa mattina presso la sede di Tpl Linea l&#8217;ultimo dei tre incontri con i comuni del savonese per la definizione dell&#8217;accordo di programma 2012 per il trasporto pubblico locale con il nuovo contratto di servizio dei bus di linea. Assieme all&#8217;assessore provinciale Santiago Vacca e all&#8217;azienda, sono state presenti le amministrazioni [&hellip;]<\/p>\n","protected":false},"author":4,"featured_media":0,"comment_status":"open","ping_status":"closed","sticky":false,"template":"","format":"standard","meta":{"footnotes":""},"categories":[35],"tags":[85850,6164],"class_list":["post-212233","post","type-post","status-publish","format-standard","hentry","category-economia","tag-savona","tag-tpl","post_cat_citta-andora","post_cat_citta-savona"],"amp_validity":null,"amp_enabled":true,"_links":{"self":[{"href":"https:\/\/staging.ivg.it\/ediapi\/wp\/v2\/posts\/212233","targetHints":{"allow":["GET"]}}],"collection":[{"href":"https:\/\/staging.ivg.it\/ediapi\/wp\/v2\/posts"}],"about":[{"href":"https:\/\/staging.ivg.it\/ediapi\/wp\/v2\/types\/post"}],"author":[{"embeddable":true,"href":"https:\/\/staging.ivg.it\/ediapi\/wp\/v2\/users\/4"}],"replies":[{"embeddable":true,"href":"https:\/\/staging.ivg.it\/ediapi\/wp\/v2\/comments?post=212233"}],"version-history":[{"count":0,"href":"https:\/\/staging.ivg.it\/ediapi\/wp\/v2\/posts\/212233\/revisions"}],"wp:attachment":[{"href":"https:\/\/staging.ivg.it\/ediapi\/wp\/v2\/media?parent=212233"}],"wp:term":[{"taxonomy":"category","embeddable":true,"href":"https:\/\/staging.ivg.it\/ediapi\/wp\/v2\/categories?post=212233"},{"taxonomy":"post_tag","embeddable":true,"href":"https:\/\/staging.ivg.it\/ediapi\/wp\/v2\/tags?post=212233"}],"curies":[{"name":"wp","href":"https:\/\/api.w.org\/{rel}","templated":true}]}}