{"id":212204,"date":"2012-02-27T14:57:01","date_gmt":"2012-02-27T13:57:01","guid":{"rendered":"http:\/\/www.ivg.it\/?p=212204"},"modified":"2012-02-27T19:20:33","modified_gmt":"2012-02-27T18:20:33","slug":"carmelo-barbagallo-segretario-nazionale-uil-articolo-18-usato-come-feticcio-la-priorita-vera-sono-gli-ammortizzatori-sociali","status":"publish","type":"post","link":"https:\/\/staging.ivg.it\/2012\/02\/carmelo-barbagallo-segretario-nazionale-uil-articolo-18-usato-come-feticcio-la-priorita-vera-sono-gli-ammortizzatori-sociali\/","title":{"rendered":"Carmelo Barbagallo (segretario nazionale Uil): &#8220;Articolo 18 usato come feticcio, la priorit\u00e0 vera sono gli ammortizzatori sociali&#8221;"},"content":{"rendered":"<p><strong>Savona<\/strong>. Nel dibattito sulla riforma del lavoro del Ministro Elsa Fornero, un ruolo fondamentale assume l&#8217;ipotesi di abolire la cassa integrazione straordinaria per sostituirla con un sistema riformato di sussidi ordinari di disoccupazione. Un discorso che Carmelo Barbagallo, segretario nazionale della Uil, intreccia al tema caldo dell&#8217;articolo 18. <\/p>\n<p>&#8220;L\u2019importante \u00e8 capire a chi si rivolger\u00e0 il nuovo sistema, per quanto tempo sosterr\u00e0 i lavoratori e quante risorse metter\u00e0 in campo e capire se con lo stesso modo si potranno tutelare le 700 mila persone che abbiamo sostenuto lo scorso anno con la cassa integrazione straordinaria e quella in deroga&#8221; osserva Barbagallo, oggi a Savona per il direttivo provinciale del sindacato che ha visto l&#8217;elezione di Giuseppe Giangrande alla guida dell&#8217;organizzazione Uil savonese. <\/p>\n<p>&#8220;Quindi, al di l\u00e0 dei nominalismi, il vero problema \u00e8 quello degli ammortizzatori. Sull\u2019articolo 18 stiamo portando avanti una trattativa con il governo, ma la priorit\u00e0 sono gli ammortizzatori sociali: bisogna trovare al pi\u00f9 presto le risorse&#8221; commenta Barbagallo, riflettendo quanto espresso anche da Angeletti. <\/p>\n<p>&#8220;Sull&#8217;articolo 18, le urgenze reali ci dicono che il problema vero non riguarda i sindacati, ma il fatto che la magistratura interviene dopo molti mesi e che non c\u2019\u00e8 certezza nelle decisioni. Bisogna togliere l\u2019alibi di questo Paese per discutere di un feticcio che in realt\u00e0 tutela poche persone e di cui se ne parla solo per sconfiggere i sindacati&#8221; conclude Barbagallo.<\/p>\n","protected":false},"excerpt":{"rendered":"<p>Savona. Nel dibattito sulla riforma del lavoro del Ministro Elsa Fornero, un ruolo fondamentale assume l&#8217;ipotesi di abolire la cassa integrazione straordinaria per sostituirla con un sistema riformato di sussidi ordinari di disoccupazione. Un discorso che Carmelo Barbagallo, segretario nazionale della Uil, intreccia al tema caldo dell&#8217;articolo 18. &#8220;L\u2019importante \u00e8 capire a chi si rivolger\u00e0 [&hellip;]<\/p>\n","protected":false},"author":13744,"featured_media":0,"comment_status":"open","ping_status":"closed","sticky":false,"template":"","format":"standard","meta":{"footnotes":""},"categories":[35],"tags":[14596,39065,85837,410,2253],"class_list":["post-212204","post","type-post","status-publish","format-standard","hentry","category-economia","tag-ammortizzatori-sociali","tag-articolo-18","tag-economia","tag-sindacati","tag-uil","post_cat_citta-andora"],"amp_validity":null,"amp_enabled":true,"_links":{"self":[{"href":"https:\/\/staging.ivg.it\/ediapi\/wp\/v2\/posts\/212204","targetHints":{"allow":["GET"]}}],"collection":[{"href":"https:\/\/staging.ivg.it\/ediapi\/wp\/v2\/posts"}],"about":[{"href":"https:\/\/staging.ivg.it\/ediapi\/wp\/v2\/types\/post"}],"author":[{"embeddable":true,"href":"https:\/\/staging.ivg.it\/ediapi\/wp\/v2\/users\/13744"}],"replies":[{"embeddable":true,"href":"https:\/\/staging.ivg.it\/ediapi\/wp\/v2\/comments?post=212204"}],"version-history":[{"count":0,"href":"https:\/\/staging.ivg.it\/ediapi\/wp\/v2\/posts\/212204\/revisions"}],"wp:attachment":[{"href":"https:\/\/staging.ivg.it\/ediapi\/wp\/v2\/media?parent=212204"}],"wp:term":[{"taxonomy":"category","embeddable":true,"href":"https:\/\/staging.ivg.it\/ediapi\/wp\/v2\/categories?post=212204"},{"taxonomy":"post_tag","embeddable":true,"href":"https:\/\/staging.ivg.it\/ediapi\/wp\/v2\/tags?post=212204"}],"curies":[{"name":"wp","href":"https:\/\/api.w.org\/{rel}","templated":true}]}}