{"id":212188,"date":"2012-02-27T12:05:49","date_gmt":"2012-02-27T11:05:49","guid":{"rendered":"http:\/\/www.ivg.it\/?p=212188"},"modified":"2012-02-27T17:01:41","modified_gmt":"2012-02-27T16:01:41","slug":"crisi-fac-di-albisola-il-telefono-squilla-per-gli-ordini-ma-non-si-puo-ripartire-per-mancanza-di-liquidi","status":"publish","type":"post","link":"https:\/\/staging.ivg.it\/2012\/02\/crisi-fac-di-albisola-il-telefono-squilla-per-gli-ordini-ma-non-si-puo-ripartire-per-mancanza-di-liquidi\/","title":{"rendered":"Crisi Fac di Albisola: &#8220;Il telefono squilla per gli ordini, ma non si pu\u00f2 ripartire per mancanza di liquidi&#8221;"},"content":{"rendered":"<p><strong>Albisola Superiore.<\/strong> La parola rassegnazione non viene nemmeno lontanamente pronunciata dai lavoratori della Fac di Albisola Superiore. Qui gli ordini continuano ad arrivare, lavoro da fare ce n&#8217;\u00e8, e il futuro potrebbe non essere cos\u00ec nero come prospettato nelle ultime settimane. &#8220;Bisogna solo tenere duro&#8221;: almeno questa \u00e8 la speranza dei dipendenti di una delle tante aziende a rischio chiusura del Savonese.<\/p>\n<p>&#8220;Ci\u00f2 che stupisce \u00e8 che abbiamo continuamente il telefono che squilla e non possiamo ripartire per mancanza di liquidi causato dal debito accumulato dall&#8217;azienda &#8211; dice Patrizio Lilli dell&#8217;ufficio commerciale della Fac &#8211; Tuttavia questo non dovrebbe essere un ostacolo cos\u00ec grosso. Avremmo ordini per coprire 5 mesi e la cassa integrazione d\u00e0 tempo a chi fosse interessato di intervenire per salvare la Fac. Sono 160 i lavoratori che aspettano buone notizie&#8221;.<\/p>\n<p>&#8220;Io non voglio certo parlare a nome dell&#8217;azienda, ma posso ripetere ci\u00f2 che ha detto il presidente Silvia Canepa, ossia che non \u00e8 assolutamente intenzionata a dichiarare il fallimento: dunque, chiunque avesse giocato su questa possibilit\u00e0 per portare avanti un piano speculativo, e non, deve mettere in conto che o la Fac riparte o su questo territorio per 30 anni sar\u00e0 tutto fermo a livello di costruzioni&#8221;.<\/p>\n<p>&#8220;Vista la crisi generale dell&#8217;indistria nel Savonese, il prossimo 5 marzo si terr\u00e0 un tavolo provinciale &#8211; aggiunge Lilli &#8211; Come Fac saremo insieme ad altre aziende in crisi per capire come farle ripartire. Ripeto, noi qui stiamo ancora lavorando: ci sono una ventina di volontari, stiamo chiudendo tutti gli ordini accumulati prima che scoppiasse problema di liquidit\u00e0, non ci arrendiamo&#8221;.<\/p>\n<p>&#8220;Delocalizzare \u00e8 possibile ma serve una garanzia &#8211; dice ancora il dipendente Fac &#8211; Qualche imprenditore \u00e8 stato contattato, anche pi\u00f9 di uno. Il punto \u00e8 che questo imprenditore avrebbe dovuto immettere del denaro liquido, un milione e duecentomila euro, che sarebbe servito per saldare il grosso dei debiti, perch\u00e9 qui siamo senza gas da quando non abbiamo pagato le bollette. Saldando il conto del gas, avrebbe rimesso l&#8217;azienda nella condizione di ripartire provvedendo anche a un aggiustamento dei macchinari con una nuova officina. Cos\u00ec facendo avremmo potuto ripartire al cento per cento e quindi si sarebbe potuto di nuovo servire il mercato. Tutto questo avrebbe permesso di lavorare tre anni nel sito attuale e di poterci spostare alla fine di questo periodo nel nuovo capannone che sarebbe stato sempre qui nell&#8217;Albisolese. Purtoppo \u00e8 venuta a mancare questa iniezione di liquidit\u00e0 per cui \u00e8 saltato tutto. Delocalizzare era gi\u00e0 nei programmi della presidentessa dell&#8217;azienda quando cinque anni fa l&#8217;aveva rilevata, ma poi non \u00e8 mai riuscita a partire con questo progetto perch\u00e9 non ha trovato da parte degli imprenditori la liquidit\u00e0 per poter superare questi tre anni&#8221;.<\/p>\n<p>Questa fabbrica \u00e8 sul territorio da 50 anni, quindi non credo che ci sia cittadino di Albisola che non abbia avuto un parente o un amico che lavora o abbia lavorato in Fac. La solidariet\u00e0 degli albisolesi, la sentiamo tutti i giorni. Perdere il marchio Fac sarebbe come perdere un pezzo di Albisola: i cittadini sono sempre stati orgogliosi di andare in ferie, magari anche lontano, bere da una tazzina e trovare sotto il nostro marchio. Per questo noi dobbiamo ringraziare tutti i cittadini per la loro solidariet\u00e0&#8221;.<\/p>\n<p>&#8220;L&#8217;unica nota positiva \u00e8 la cassa integrazione per 13 settimane annunciata venerd\u00ec all&#8217;Unione Indistruiali e che ci fa respirare fino al 27 maggio &#8211; aggiunge Alessandro Milanesi della Rsu &#8211; Se la Fac non dovesse riprendersi \u00e8 il caso di parlare di massacro sociale. Sarebbe un delitto, visto che \u00e8 un&#8217;azienda che ha acquisito clienti importanti come la Nestl\u00e8 e la Coca Cola&#8221;.<\/p>\n","protected":false},"excerpt":{"rendered":"<p>Albisola Superiore. La parola rassegnazione non viene nemmeno lontanamente pronunciata dai lavoratori della Fac di Albisola Superiore. Qui gli ordini continuano ad arrivare, lavoro da fare ce n&#8217;\u00e8, e il futuro potrebbe non essere cos\u00ec nero come prospettato nelle ultime settimane. &#8220;Bisogna solo tenere duro&#8221;: almeno questa \u00e8 la speranza dei dipendenti di una delle [&hellip;]<\/p>\n","protected":false},"author":13744,"featured_media":0,"comment_status":"open","ping_status":"closed","sticky":false,"template":"","format":"standard","meta":{"footnotes":""},"categories":[35],"tags":[432,7268,1817],"class_list":["post-212188","post","type-post","status-publish","format-standard","hentry","category-economia","tag-albisola","tag-fac","tag-industria","post_cat_citta-albisola-superiore"],"amp_validity":null,"amp_enabled":true,"_links":{"self":[{"href":"https:\/\/staging.ivg.it\/ediapi\/wp\/v2\/posts\/212188","targetHints":{"allow":["GET"]}}],"collection":[{"href":"https:\/\/staging.ivg.it\/ediapi\/wp\/v2\/posts"}],"about":[{"href":"https:\/\/staging.ivg.it\/ediapi\/wp\/v2\/types\/post"}],"author":[{"embeddable":true,"href":"https:\/\/staging.ivg.it\/ediapi\/wp\/v2\/users\/13744"}],"replies":[{"embeddable":true,"href":"https:\/\/staging.ivg.it\/ediapi\/wp\/v2\/comments?post=212188"}],"version-history":[{"count":0,"href":"https:\/\/staging.ivg.it\/ediapi\/wp\/v2\/posts\/212188\/revisions"}],"wp:attachment":[{"href":"https:\/\/staging.ivg.it\/ediapi\/wp\/v2\/media?parent=212188"}],"wp:term":[{"taxonomy":"category","embeddable":true,"href":"https:\/\/staging.ivg.it\/ediapi\/wp\/v2\/categories?post=212188"},{"taxonomy":"post_tag","embeddable":true,"href":"https:\/\/staging.ivg.it\/ediapi\/wp\/v2\/tags?post=212188"}],"curies":[{"name":"wp","href":"https:\/\/api.w.org\/{rel}","templated":true}]}}