{"id":211953,"date":"2012-02-23T15:39:47","date_gmt":"2012-02-23T14:39:47","guid":{"rendered":"http:\/\/www.ivg.it\/?p=211953"},"modified":"2012-02-24T08:27:00","modified_gmt":"2012-02-24T07:27:00","slug":"crisi-ocv-fulvio-berruti-cgil-la-chiusura-prospettata-a-giugno-dallazienda-serve-massimo-impegno","status":"publish","type":"post","link":"https:\/\/staging.ivg.it\/2012\/02\/crisi-ocv-fulvio-berruti-cgil-la-chiusura-prospettata-a-giugno-dallazienda-serve-massimo-impegno\/","title":{"rendered":"Crisi Ocv, Fulvio Berruti (Cgil): &#8220;La chiusura prospettata a giugno dall&#8217;azienda, serve massimo impegno&#8221;"},"content":{"rendered":"<p><strong>Vado Ligure<\/strong>. La chiusura dell&#8217;Ocv, prospettata dalla stessa azienda, \u00e8 per giugno. La corsa per il salvataggio della realt\u00e0 produttiva vadese, quindi, avr\u00e0 il suo spazio in questi mesi che separano dalla &#8220;deadline&#8221; comunicata gioved\u00ec scorso dalla propriet\u00e0 a sindacati e Rsu.<\/p>\n<p>&#8220;L&#8217;unica data temporale che ci ha comunicato l&#8217;azienda \u00e8 giugno &#8211; sottolinea Fulvio Berruti della Cgil &#8211; Nell&#8217;incontro i vertici hanno motivato la decisione di chiudere con gli argomenti che ormai sono noti: problemi di energia, gas e concorrenza con il Sud Est asiatico. Hanno detto che il sito di Vado non \u00e8 competitivo. Ribadiamo il nostro sconcerto e la necessit\u00e0 dell&#8217;intervento istituzionale per una situazione che ha messo in allarme tanti lavoratori&#8221;.<\/p>\n<p>L&#8217;Ocv a Vado avrebbe perso in cinque anni, per ogni anno di attivit\u00e0, ben 15 milioni di euro. La situazione dell&#8217;azienda, specializzata nella produzione di filati di vetro per il rinforzo dei materiali plastici, \u00e8 l&#8217;immagine della crisi industriale savonese che vede la prostrazione di 22 aziende e 1200 operai. &#8220;Serve un tavolo di governo, c&#8217;\u00e8 in ballo una multinazionale straniera, e per questo \u00e8 necessario il massimo impegno&#8221; aggiunge Berruti.<\/p>\n","protected":false},"excerpt":{"rendered":"<p>Vado Ligure. La chiusura dell&#8217;Ocv, prospettata dalla stessa azienda, \u00e8 per giugno. La corsa per il salvataggio della realt\u00e0 produttiva vadese, quindi, avr\u00e0 il suo spazio in questi mesi che separano dalla &#8220;deadline&#8221; comunicata gioved\u00ec scorso dalla propriet\u00e0 a sindacati e Rsu. &#8220;L&#8217;unica data temporale che ci ha comunicato l&#8217;azienda \u00e8 giugno &#8211; sottolinea Fulvio [&hellip;]<\/p>\n","protected":false},"author":13744,"featured_media":0,"comment_status":"open","ping_status":"closed","sticky":false,"template":"","format":"standard","meta":{"footnotes":""},"categories":[35],"tags":[5854,1817,1523,261],"class_list":["post-211953","post","type-post","status-publish","format-standard","hentry","category-economia","tag-fulvio-berruti","tag-industria","tag-ocv","tag-vado","post_cat_citta-vado-ligure"],"amp_validity":null,"amp_enabled":true,"_links":{"self":[{"href":"https:\/\/staging.ivg.it\/ediapi\/wp\/v2\/posts\/211953","targetHints":{"allow":["GET"]}}],"collection":[{"href":"https:\/\/staging.ivg.it\/ediapi\/wp\/v2\/posts"}],"about":[{"href":"https:\/\/staging.ivg.it\/ediapi\/wp\/v2\/types\/post"}],"author":[{"embeddable":true,"href":"https:\/\/staging.ivg.it\/ediapi\/wp\/v2\/users\/13744"}],"replies":[{"embeddable":true,"href":"https:\/\/staging.ivg.it\/ediapi\/wp\/v2\/comments?post=211953"}],"version-history":[{"count":0,"href":"https:\/\/staging.ivg.it\/ediapi\/wp\/v2\/posts\/211953\/revisions"}],"wp:attachment":[{"href":"https:\/\/staging.ivg.it\/ediapi\/wp\/v2\/media?parent=211953"}],"wp:term":[{"taxonomy":"category","embeddable":true,"href":"https:\/\/staging.ivg.it\/ediapi\/wp\/v2\/categories?post=211953"},{"taxonomy":"post_tag","embeddable":true,"href":"https:\/\/staging.ivg.it\/ediapi\/wp\/v2\/tags?post=211953"}],"curies":[{"name":"wp","href":"https:\/\/api.w.org\/{rel}","templated":true}]}}