{"id":211930,"date":"2012-02-23T12:57:16","date_gmt":"2012-02-23T11:57:16","guid":{"rendered":"http:\/\/www.ivg.it\/?p=211930"},"modified":"2012-02-23T12:57:16","modified_gmt":"2012-02-23T11:57:16","slug":"il-merlo-pinuccio-cerca-casa","status":"publish","type":"post","link":"https:\/\/staging.ivg.it\/2012\/02\/il-merlo-pinuccio-cerca-casa\/","title":{"rendered":"Il merlo Pinuccio cerca casa"},"content":{"rendered":"<p><strong>Savona.<\/strong> Pinuccio \u00e8 un maschio di merlo, raccolto ferito in corso Italia a Savona quattordici anni fa da una nota animalista della via; ormai non pi\u00f9 abile al volo, ha vissuto con la signora, deceduta il mese scorso.<\/p>\n<p>Il volatile \u00e8 ora ricoverato presso il centro di cura della Protezione Animali savonese, che lancia un appello per trovargli una nuova famiglia che lo ospiti. &#8220;Malgrado la veneranda et\u00e0 &#8211; dicono i volontari &#8211; Pinuccio ha un grande appetito ed un&#8217;ottima socialit\u00e0 con le persone. Gli interessati, ai quali verr\u00e0 fornita regolare autorizzazione alla detenzione e custodia, sono pregati di rivolgersi alla sede dell&#8217;Enpa in via Cavour 48 r a Savona, da luned\u00ec a sabato, dalle 10 alle 12 e dalle 17 alle 19 (telefono 019 824735)&#8221;.<\/p>\n<p>&#8220;La detenzione di animali selvatici \u00e8 tassativamente proibita; in base ad una norma regionale proposta dall&#8217;Enpa, gli enti che soccorrono e curano animali selvatici feriti o in difficolt\u00e0 sono autorizzati ad affidare a privati soggetti mutilati e non pi\u00f9 autosufficienti e quindi non pi\u00f9 abili a sopravvivere liberi in natura&#8221; fanno sapere gli animalisti.<\/p>\n","protected":false},"excerpt":{"rendered":"<p>Savona. Pinuccio \u00e8 un maschio di merlo, raccolto ferito in corso Italia a Savona quattordici anni fa da una nota animalista della via; ormai non pi\u00f9 abile al volo, ha vissuto con la signora, deceduta il mese scorso. Il volatile \u00e8 ora ricoverato presso il centro di cura della Protezione Animali savonese, che lancia un [&hellip;]<\/p>\n","protected":false},"author":13744,"featured_media":0,"comment_status":"open","ping_status":"closed","sticky":false,"template":"","format":"standard","meta":{"footnotes":""},"categories":[119],"tags":[],"class_list":["post-211930","post","type-post","status-publish","format-standard","hentry","category-fotonotizia"],"amp_validity":null,"amp_enabled":true,"_links":{"self":[{"href":"https:\/\/staging.ivg.it\/ediapi\/wp\/v2\/posts\/211930","targetHints":{"allow":["GET"]}}],"collection":[{"href":"https:\/\/staging.ivg.it\/ediapi\/wp\/v2\/posts"}],"about":[{"href":"https:\/\/staging.ivg.it\/ediapi\/wp\/v2\/types\/post"}],"author":[{"embeddable":true,"href":"https:\/\/staging.ivg.it\/ediapi\/wp\/v2\/users\/13744"}],"replies":[{"embeddable":true,"href":"https:\/\/staging.ivg.it\/ediapi\/wp\/v2\/comments?post=211930"}],"version-history":[{"count":0,"href":"https:\/\/staging.ivg.it\/ediapi\/wp\/v2\/posts\/211930\/revisions"}],"wp:attachment":[{"href":"https:\/\/staging.ivg.it\/ediapi\/wp\/v2\/media?parent=211930"}],"wp:term":[{"taxonomy":"category","embeddable":true,"href":"https:\/\/staging.ivg.it\/ediapi\/wp\/v2\/categories?post=211930"},{"taxonomy":"post_tag","embeddable":true,"href":"https:\/\/staging.ivg.it\/ediapi\/wp\/v2\/tags?post=211930"}],"curies":[{"name":"wp","href":"https:\/\/api.w.org\/{rel}","templated":true}]}}