{"id":211929,"date":"2012-02-23T12:46:02","date_gmt":"2012-02-23T11:46:02","guid":{"rendered":"http:\/\/www.ivg.it\/?p=211929"},"modified":"2012-02-23T13:31:44","modified_gmt":"2012-02-23T12:31:44","slug":"riccardo-viaggi-riconfermato-presidente-di-confcooperative-savona","status":"publish","type":"post","link":"https:\/\/staging.ivg.it\/2012\/02\/riccardo-viaggi-riconfermato-presidente-di-confcooperative-savona\/","title":{"rendered":"Riccardo Viaggi riconfermato presidente di Confcooperative Savona"},"content":{"rendered":"<p><strong>Savona.<\/strong> Riccardo Viaggi, presidente da quattro anni del sodalizio cooperativistico savonese (che conta 98 cooperative, con un fatturato di 35 milioni di euro, dieci filiali bancarie di credito cooperativo in provincia e oltre 800 persone impiegate) \u00e8 stato riconfermato all&#8217;unanimit\u00e0 alla guida di Confcooperative Savona.<\/p>\n<p>All&#8217;assemblea, svoltasi stamattina alle 9 nella sala Magnano al terzo piano della Camera di Commercio, hanno partecipato: il presidente dell&#8217;Unione Regionale Confcooperative Stefano Marastoni; il sindaco di Savona Federico Berruti; il presidente della LegaCoop savonese Mattia Rossi; la guida della Confcommercio Francesco Bertino; Domenico Paschetta, presidente Confcooperative Cuneo; l&#8217;assessore ai servizi sociali Isabella Sorgini; il sindaco di Borghetto Santo Spirito ed assessore provinciale Santiago Vacca oltre ai consiglieri provinciali del Partito Democratico Marco Russo e Maria Luisa Madini.<\/p>\n<p>&#8220;Sono orgoglioso della fiducia che mi \u00e8 stata nuovamente riposta. Intendo perseguire nel mio impegno finalizzato a rinforzare l&#8217;unione fra le Cooperative e la lotta nei confronti delle Cooperative nate non per offrire posti lavoro ma a puri fini di lucro&#8221;, il commento della neo-guida della Confcooperative Savona.<\/p>\n<p>Sottolinea Stefano Marastoni, presidente dell&#8217;Unione Regionale Confcooperative: &#8220;Non posso che lodare il lavoro di rafforzamento del mondo della cooperazione provinciale svolto da Riccardo al quale faccio i migliori auguri di buon lavoro&#8221;. Per Federico Berruti, sindaco di Savona: &#8220;La Confcooperative \u00e8 una importante realt\u00e0 perch\u00e8 rappresenta, in questo periodo di crisi, una importante occasione di creazione di posti di lavoro&#8221;.<\/p>\n","protected":false},"excerpt":{"rendered":"<p>Savona. Riccardo Viaggi, presidente da quattro anni del sodalizio cooperativistico savonese (che conta 98 cooperative, con un fatturato di 35 milioni di euro, dieci filiali bancarie di credito cooperativo in provincia e oltre 800 persone impiegate) \u00e8 stato riconfermato all&#8217;unanimit\u00e0 alla guida di Confcooperative Savona. All&#8217;assemblea, svoltasi stamattina alle 9 nella sala Magnano al terzo [&hellip;]<\/p>\n","protected":false},"author":13744,"featured_media":0,"comment_status":"open","ping_status":"closed","sticky":false,"template":"","format":"standard","meta":{"footnotes":""},"categories":[56],"tags":[38827,85850],"class_list":["post-211929","post","type-post","status-publish","format-standard","hentry","category-altre","tag-confcooperative","tag-savona","post_cat_citta-savona"],"amp_validity":null,"amp_enabled":true,"_links":{"self":[{"href":"https:\/\/staging.ivg.it\/ediapi\/wp\/v2\/posts\/211929","targetHints":{"allow":["GET"]}}],"collection":[{"href":"https:\/\/staging.ivg.it\/ediapi\/wp\/v2\/posts"}],"about":[{"href":"https:\/\/staging.ivg.it\/ediapi\/wp\/v2\/types\/post"}],"author":[{"embeddable":true,"href":"https:\/\/staging.ivg.it\/ediapi\/wp\/v2\/users\/13744"}],"replies":[{"embeddable":true,"href":"https:\/\/staging.ivg.it\/ediapi\/wp\/v2\/comments?post=211929"}],"version-history":[{"count":0,"href":"https:\/\/staging.ivg.it\/ediapi\/wp\/v2\/posts\/211929\/revisions"}],"wp:attachment":[{"href":"https:\/\/staging.ivg.it\/ediapi\/wp\/v2\/media?parent=211929"}],"wp:term":[{"taxonomy":"category","embeddable":true,"href":"https:\/\/staging.ivg.it\/ediapi\/wp\/v2\/categories?post=211929"},{"taxonomy":"post_tag","embeddable":true,"href":"https:\/\/staging.ivg.it\/ediapi\/wp\/v2\/tags?post=211929"}],"curies":[{"name":"wp","href":"https:\/\/api.w.org\/{rel}","templated":true}]}}