{"id":211791,"date":"2012-02-21T16:14:46","date_gmt":"2012-02-21T15:14:46","guid":{"rendered":"http:\/\/www.ivg.it\/?p=211791"},"modified":"2012-02-21T16:14:46","modified_gmt":"2012-02-21T15:14:46","slug":"il-piatto-blu-conquista-roma-torrengo-palazzo-oddo-%e2%80%9ce%e2%80%99-tra-i-reperti-di-maggior-richiamo%e2%80%9d","status":"publish","type":"post","link":"https:\/\/staging.ivg.it\/2012\/02\/il-piatto-blu-conquista-roma-torrengo-palazzo-oddo-%e2%80%9ce%e2%80%99-tra-i-reperti-di-maggior-richiamo%e2%80%9d\/","title":{"rendered":"Il piatto blu conquista Roma, Torrengo (Palazzo Oddo): \u201cE\u2019 tra i reperti di maggior richiamo\u201d"},"content":{"rendered":"<p><strong>Albenga<\/strong>. Ha preso il via oggi \u201cVetri a Roma\u201d, mostra interamente dedicata all&#8217;arte del vetro, prevalentemente incentrata sulla produzione di et\u00e0 romana, organizzata dalla Soprintendenza Speciale per i Beni Archeologici di Roma, che ospiter\u00e0, presso la Curia Iulia nel Foro Romano fino al 16 Settembre, il celebre \u201cPiatto Blu\u201d di Albenga, assieme ad altri trecento pezzi tra vasellame prezioso, gioielli e mosaici, che raccontano il periodo di massimo fulgore della lavorazione del vetro nel mondo romano, a partire dal II secolo a.C..<\/p>\n<p>Tra i pezzi di maggior richiamo nella mostra, il \u201cPiatto Blu\u201d ingauno, normalmente ospitato nelle \u201cMagiche Trasparenze\u201d di Palazzo Oddo ad Albenga, la cui presenza temporanea nella capitale, gi\u00e0 annunciata in precedenza, \u00e8 stata ampiamente pubblicizzata sul sito ufficiale della esposizione e su quello del Ministero per i Beni e le Attivit\u00e0 Culturali. \u201cLa mostra &#8216;Vetri a Roma&#8217; \u00e8 stata inserita all&#8217;interno di un contesto incantevole, nel cuore dell&#8217;antica Roma\u201d, dichiara Paolo Torrengo, Presidente della Palazzo Oddo Srl, recatosi a Roma per l&#8217;inaugurazione ufficiale. \u201cIl Piatto Blu \u00e8 collocato in una posizione di grande prestigio, in una sala a parte, dove \u00e8 esposto assieme alle Insegne Imperiali di Massenzio\u201d.<\/p>\n<p>\u201cLa definizione utilizzata dai curatori della mostra \u00e8 &#8216;Il Piatto di Albenga&#8217;\u201d, spiega ancora Torrengo. \u201cFin dal momento dell&#8217;inaugurazione, l&#8217;interesse per il &#8216;nostro&#8217; Piatto Blu \u00e8 stato massimo da parte di  visitatori ed organizzatori, ed esso rappresenta uno dei reperti di maggiore attrattiva di tutta la mostra: \u00e8 l&#8217;unico pezzo che dispone di una descrizione pi\u00f9 specifica, rispetto agli altri, tutti quanti di incredibile bellezza. Il Piatto Blu ha conquistato il pubblico: in molti hanno gi\u00e0 espresso il desiderio di tornare ad ammirarlo tra le mura di Palazzo Oddo\u201d.<\/p>\n<p>Da oggi fino al 16 Settembre prossimo, tutti i visitatori della mostra \u201cMagiche Trasparenze\u201d, in corso a Palazzo Oddo, riceveranno un biglietto timbrato, da poter riutilizzare per ammirare il Piatto Blu, una volta che sar\u00e0 tornato nella sua sede ad Albenga. <\/p>\n","protected":false},"excerpt":{"rendered":"<p>Albenga. Ha preso il via oggi \u201cVetri a Roma\u201d, mostra interamente dedicata all&#8217;arte del vetro, prevalentemente incentrata sulla produzione di et\u00e0 romana, organizzata dalla Soprintendenza Speciale per i Beni Archeologici di Roma, che ospiter\u00e0, presso la Curia Iulia nel Foro Romano fino al 16 Settembre, il celebre \u201cPiatto Blu\u201d di Albenga, assieme ad altri trecento [&hellip;]<\/p>\n","protected":false},"author":13744,"featured_media":0,"comment_status":"open","ping_status":"closed","sticky":false,"template":"","format":"standard","meta":{"footnotes":""},"categories":[],"tags":[85841,86119,19320,12348],"class_list":["post-211791","post","type-post","status-publish","format-standard","hentry","tag-albenga","tag-palazzo-oddo","tag-paolo-torrengo","tag-piatto-blu","post_cat_citta-albenga"],"amp_validity":null,"amp_enabled":true,"_links":{"self":[{"href":"https:\/\/staging.ivg.it\/ediapi\/wp\/v2\/posts\/211791","targetHints":{"allow":["GET"]}}],"collection":[{"href":"https:\/\/staging.ivg.it\/ediapi\/wp\/v2\/posts"}],"about":[{"href":"https:\/\/staging.ivg.it\/ediapi\/wp\/v2\/types\/post"}],"author":[{"embeddable":true,"href":"https:\/\/staging.ivg.it\/ediapi\/wp\/v2\/users\/13744"}],"replies":[{"embeddable":true,"href":"https:\/\/staging.ivg.it\/ediapi\/wp\/v2\/comments?post=211791"}],"version-history":[{"count":0,"href":"https:\/\/staging.ivg.it\/ediapi\/wp\/v2\/posts\/211791\/revisions"}],"wp:attachment":[{"href":"https:\/\/staging.ivg.it\/ediapi\/wp\/v2\/media?parent=211791"}],"wp:term":[{"taxonomy":"category","embeddable":true,"href":"https:\/\/staging.ivg.it\/ediapi\/wp\/v2\/categories?post=211791"},{"taxonomy":"post_tag","embeddable":true,"href":"https:\/\/staging.ivg.it\/ediapi\/wp\/v2\/tags?post=211791"}],"curies":[{"name":"wp","href":"https:\/\/api.w.org\/{rel}","templated":true}]}}