{"id":211684,"date":"2012-02-20T11:48:47","date_gmt":"2012-02-20T10:48:47","guid":{"rendered":"http:\/\/www.ivg.it\/?p=211684"},"modified":"2012-02-20T17:15:32","modified_gmt":"2012-02-20T16:15:32","slug":"savona-politica-cultura-valori-corso-di-formazione-culturale-e-politica-promosso-dai-consiglieri-parino-e-marson","status":"publish","type":"post","link":"https:\/\/staging.ivg.it\/2012\/02\/savona-politica-cultura-valori-corso-di-formazione-culturale-e-politica-promosso-dai-consiglieri-parino-e-marson\/","title":{"rendered":"Savona, &#8220;Politica, Cultura, Valori&#8221;: corso di formazione culturale e politica promosso dai consiglieri Parino e Marson"},"content":{"rendered":"<p>A <strong>Savona <\/strong>nasce un corso di formazione culturale e politica nell&#8217;ambito del centrodestra. L&#8217;iniziativa prende il nome di &#8220;Politica, Cultura, Valori&#8221; e ad organizzarla sono i Consiglieri Comunali del Pdl, Paolo Marson e Alessandro Parino, con l&#8217;intento di iniziare a costituire un percorso culturale e di favorire la creazione di una nuova classe dirigente. <\/p>\n<p>&#8220;L&#8217;iniziativa \u00e8 ovviamente rivolta ai pi\u00f9 giovani, ma la partecipazione \u00e8 gratuita e libera per tutti&#8221; spiegano Parino e Marson che aggiungono: &#8220;Si inizia parlando di Europa, e sul significato dell&#8217;appartenenza all&#8217;Italia all&#8217;Unione Europea in un momento storico di crisi e di apparente ostilit\u00e0 dell&#8217;Europa verso l&#8217;Italia&#8221;.<\/p>\n<p>Relatore della serata intitolata &#8220;L&#8217;Europa \u00e8 ancora il nostro destino?&#8221; sar\u00e0 l&#8217;onorevole Carlo Fidanza, Europarlamentare del Pdl, membro della Commissione Turismo e Trasporti. Il convegno si terr\u00e0 domani sera, alle 21, presso la Sala Conferenze dello Studio Legale Vivani e Marson in Via Pia 1 a Savona.<\/p>\n<p>Nei prossimi incontri, che vedranno come relatori professionisti, giornalisti, amministratori pubblici, si discuter\u00e0 di comunicazione politica, della buona amministrazione degli enti locali, dei valori in politica.<\/p>\n","protected":false},"excerpt":{"rendered":"<p>A Savona nasce un corso di formazione culturale e politica nell&#8217;ambito del centrodestra. L&#8217;iniziativa prende il nome di &#8220;Politica, Cultura, Valori&#8221; e ad organizzarla sono i Consiglieri Comunali del Pdl, Paolo Marson e Alessandro Parino, con l&#8217;intento di iniziare a costituire un percorso culturale e di favorire la creazione di una nuova classe dirigente. &#8220;L&#8217;iniziativa [&hellip;]<\/p>\n","protected":false},"author":13744,"featured_media":0,"comment_status":"open","ping_status":"closed","sticky":false,"template":"","format":"standard","meta":{"footnotes":""},"categories":[31],"tags":[2142,1746,1630,85831,85850],"class_list":["post-211684","post","type-post","status-publish","format-standard","hentry","category-politica","tag-corso","tag-marson","tag-parino","tag-politica","tag-savona","post_cat_citta-savona"],"amp_validity":null,"amp_enabled":true,"_links":{"self":[{"href":"https:\/\/staging.ivg.it\/ediapi\/wp\/v2\/posts\/211684","targetHints":{"allow":["GET"]}}],"collection":[{"href":"https:\/\/staging.ivg.it\/ediapi\/wp\/v2\/posts"}],"about":[{"href":"https:\/\/staging.ivg.it\/ediapi\/wp\/v2\/types\/post"}],"author":[{"embeddable":true,"href":"https:\/\/staging.ivg.it\/ediapi\/wp\/v2\/users\/13744"}],"replies":[{"embeddable":true,"href":"https:\/\/staging.ivg.it\/ediapi\/wp\/v2\/comments?post=211684"}],"version-history":[{"count":0,"href":"https:\/\/staging.ivg.it\/ediapi\/wp\/v2\/posts\/211684\/revisions"}],"wp:attachment":[{"href":"https:\/\/staging.ivg.it\/ediapi\/wp\/v2\/media?parent=211684"}],"wp:term":[{"taxonomy":"category","embeddable":true,"href":"https:\/\/staging.ivg.it\/ediapi\/wp\/v2\/categories?post=211684"},{"taxonomy":"post_tag","embeddable":true,"href":"https:\/\/staging.ivg.it\/ediapi\/wp\/v2\/tags?post=211684"}],"curies":[{"name":"wp","href":"https:\/\/api.w.org\/{rel}","templated":true}]}}