{"id":211681,"date":"2012-02-20T11:37:53","date_gmt":"2012-02-20T10:37:53","guid":{"rendered":"http:\/\/www.ivg.it\/?p=211681"},"modified":"2012-02-20T11:37:53","modified_gmt":"2012-02-20T10:37:53","slug":"cairo-conferenza-sulla-storia-del-cinema","status":"publish","type":"post","link":"https:\/\/staging.ivg.it\/2012\/02\/cairo-conferenza-sulla-storia-del-cinema\/","title":{"rendered":"Cairo, conferenza sulla storia del cinema"},"content":{"rendered":"<p><strong>Cairo M. <\/strong>Sabato 25 febbraio alle ore 16 presso la sala &#8220;De Mari&#8221; a Palazzo di Citt\u00e0 a Cairo Montenote conferenza di Marco Matino su &#8220;Una storia del cinema, un cinema nella storia&#8221;. <\/p>\n<p>In poco pi\u00f9 di cento anni di storia, il cinema si \u00e8 affermato come nuova forma d\u2019arte, raccogliendo in s\u00e9 le caratteristiche e gli aspetti peculiari di musica, pittura, teatro, letteratura e fotografia, per dare alla luce composizioni e opere \u201cuniversali\u201d.<\/p>\n<p>Dall\u2019avanspettacolo al teatro filmato, dal documentario alla pura finzione, il cinema ha attraversato numerose epoche e maturazioni, dovute sia ad innovazioni tecnologiche sia a una sempre pi\u00f9 diffusa consapevolezza di s\u00e9, raggiungendo vette vicine alla poesia visiva, ma pur sempre restando legato al contemporaneo.<\/p>\n<p>Movimenti culturali e fatti storici ne hanno segnato l\u2019evoluzione influenzandone il linguaggio e la forma del racconto: attraverso spezzoni di significative opere filmiche verranno presentate le maggiori tendenze del percorso cinematografico.<\/p>\n","protected":false},"excerpt":{"rendered":"<p>Cairo M. Sabato 25 febbraio alle ore 16 presso la sala &#8220;De Mari&#8221; a Palazzo di Citt\u00e0 a Cairo Montenote conferenza di Marco Matino su &#8220;Una storia del cinema, un cinema nella storia&#8221;. In poco pi\u00f9 di cento anni di storia, il cinema si \u00e8 affermato come nuova forma d\u2019arte, raccogliendo in s\u00e9 le caratteristiche [&hellip;]<\/p>\n","protected":false},"author":13744,"featured_media":0,"comment_status":"open","ping_status":"closed","sticky":false,"template":"","format":"standard","meta":{"footnotes":""},"categories":[],"tags":[151,143],"class_list":["post-211681","post","type-post","status-publish","format-standard","hentry","tag-cairo","tag-cinema","post_cat_citta-cairo-montenotte"],"amp_validity":null,"amp_enabled":true,"_links":{"self":[{"href":"https:\/\/staging.ivg.it\/ediapi\/wp\/v2\/posts\/211681","targetHints":{"allow":["GET"]}}],"collection":[{"href":"https:\/\/staging.ivg.it\/ediapi\/wp\/v2\/posts"}],"about":[{"href":"https:\/\/staging.ivg.it\/ediapi\/wp\/v2\/types\/post"}],"author":[{"embeddable":true,"href":"https:\/\/staging.ivg.it\/ediapi\/wp\/v2\/users\/13744"}],"replies":[{"embeddable":true,"href":"https:\/\/staging.ivg.it\/ediapi\/wp\/v2\/comments?post=211681"}],"version-history":[{"count":0,"href":"https:\/\/staging.ivg.it\/ediapi\/wp\/v2\/posts\/211681\/revisions"}],"wp:attachment":[{"href":"https:\/\/staging.ivg.it\/ediapi\/wp\/v2\/media?parent=211681"}],"wp:term":[{"taxonomy":"category","embeddable":true,"href":"https:\/\/staging.ivg.it\/ediapi\/wp\/v2\/categories?post=211681"},{"taxonomy":"post_tag","embeddable":true,"href":"https:\/\/staging.ivg.it\/ediapi\/wp\/v2\/tags?post=211681"}],"curies":[{"name":"wp","href":"https:\/\/api.w.org\/{rel}","templated":true}]}}