{"id":211652,"date":"2012-02-19T18:29:27","date_gmt":"2012-02-19T17:29:27","guid":{"rendered":"http:\/\/www.ivg.it\/?p=211652"},"modified":"2012-02-20T14:53:27","modified_gmt":"2012-02-20T13:53:27","slug":"crisi-industriale-ed-economica-franco-orsi-prevale-lavversione-ai-progetti-di-sviluppo","status":"publish","type":"post","link":"https:\/\/staging.ivg.it\/2012\/02\/crisi-industriale-ed-economica-franco-orsi-prevale-lavversione-ai-progetti-di-sviluppo\/","title":{"rendered":"Crisi industriale ed economica, Franco Orsi: &#8220;Prevale l&#8217;avversione ai progetti di sviluppo&#8221;"},"content":{"rendered":"<p><strong>Albisola Superiore<\/strong>. Il senatore Franco Orsi, sindaco di Albisola, svolge alcune considerazione sulla crisi industriale e occupazionale che attanaglia provincia e regione. <\/p>\n<p>&#8220;Aziende grandi e piccole chiudono, altre ridimensionano le strutture produttive e quasi nulla si muove sul fronte di nuove iniziative e nuove aziende &#8211; osserva &#8211; Ricordo qualche anno fa che avevo letto una analisi, che mi aveva colpito, su una delle aree a pi\u00fa elevata densit\u00e0 produttiva del mondo: la Silicon Valley; in quell&#8217;area vi era una elevatissima &#8216;mortalit\u00e0&#8217; di aziende che si accompagnava ad una ancor pi\u00f9 elevata nascita di nuve iniziative. Come in una foresta muoiono e nascono ogni giorno centinaia di piante, altre si ammalano ed altre crescono e si sviluppano e cos\u00ed, piaccia o non piaccia, funziona il mondo dell&#8217;economia in cui si mischiano le vicende delle persone, gli errori e le genialit\u00e0 e i condizionamenti di un mondo complesso ed in grande trasformazione&#8221;. <\/p>\n<p>&#8220;La globalizzazione e lo sviluppo tecnologico (e dei prodotti) accelerano i cambiamenti e modificano i mercati e sempre sar\u00e0 tutto pi\u00f9 rapido nelle trasformazioni indipendentemente dalla crisi. Non dico che questo mi piaccia ma credo che sia oggettivamente quello che succede e, nonostante i correttivi che bisogna organizzare, continuer\u00e0 ad accadere&#8221; dice Orsi. <\/p>\n<p>&#8220;Cosa accade di drammatico oggi, in Italia in Liguria ed anche nella nostra Albisola? Che nella &#8216;foresta&#8217; le piante sembra muoiano soltanto e si ammalino e pochissime sono le nuove iniziative, pochissimi i piani di sviluppo e per 1 posto di lavoro perduto non ce ne \u00e8 uno che nasce&#8230; In fondo quella infelice battuta del prof. Monti sul posto fisso tra le tante risposte che ha provocato quella pi\u00fa seria diceva pi\u00fa o meno cos\u00ed: &#8216;cambierei volentieri posto di lavoro se ce ne fosse uno in alternativa al mio!&#8217;. Ecco perch\u00e9 nella grave preoccupazione di questa crisi ci\u00f3 che mi fa pi\u00fa paura \u00e8 che sembra prevalere nell&#8217;opinione pubblica e nei mass media non una domanda e di nuove iniziative economiche, di investimenti e sviluppo da contrapporre alla crisi delle aziende che chiudono, ma una avversione verso ogni iniziativa che viene proposta&#8221;. <\/p>\n<p>Prosegue Orsi: &#8220;Siamo ostili alle crociere perch\u00e8 causano traffico, vorremmo chiudere le centrali elettriche perch\u00e9 inquinano, non vogliamo le piattaforme portuali e porticcioli perch\u00e9 deturpano il paesaggio e vorremmo che i nostri bar e discoteche chiudessero presto la sera per non avere disturbo! Pensate che io faccia facili semplificazioni? Ebbene allora ditemi un progetto di sviluppo che \u00e8 stato presentato nelle nostre zone e nelle nostra provincia che non abbia trovato pi\u00fa ostilit\u00e0 e avversione che sostegno&#8221;. <\/p>\n<p>&#8220;Se non sosteniamo, con i pi\u00fa corretti paletti ambientali e di qualit\u00e0, le iniziative economiche che vengono proposte della nostra &#8220;foresta&#8221; resteranno solo le piante che pi\u00fa o meno naturalmente muoiono&#8221; conclude Franco Orsi. <\/p>\n","protected":false},"excerpt":{"rendered":"<p>Albisola Superiore. Il senatore Franco Orsi, sindaco di Albisola, svolge alcune considerazione sulla crisi industriale e occupazionale che attanaglia provincia e regione. &#8220;Aziende grandi e piccole chiudono, altre ridimensionano le strutture produttive e quasi nulla si muove sul fronte di nuove iniziative e nuove aziende &#8211; osserva &#8211; Ricordo qualche anno fa che avevo letto [&hellip;]<\/p>\n","protected":false},"author":13744,"featured_media":0,"comment_status":"open","ping_status":"closed","sticky":false,"template":"","format":"standard","meta":{"footnotes":""},"categories":[31],"tags":[432,1817],"class_list":["post-211652","post","type-post","status-publish","format-standard","hentry","category-politica","tag-albisola","tag-industria","post_cat_citta-albisola-superiore"],"amp_validity":null,"amp_enabled":true,"_links":{"self":[{"href":"https:\/\/staging.ivg.it\/ediapi\/wp\/v2\/posts\/211652","targetHints":{"allow":["GET"]}}],"collection":[{"href":"https:\/\/staging.ivg.it\/ediapi\/wp\/v2\/posts"}],"about":[{"href":"https:\/\/staging.ivg.it\/ediapi\/wp\/v2\/types\/post"}],"author":[{"embeddable":true,"href":"https:\/\/staging.ivg.it\/ediapi\/wp\/v2\/users\/13744"}],"replies":[{"embeddable":true,"href":"https:\/\/staging.ivg.it\/ediapi\/wp\/v2\/comments?post=211652"}],"version-history":[{"count":0,"href":"https:\/\/staging.ivg.it\/ediapi\/wp\/v2\/posts\/211652\/revisions"}],"wp:attachment":[{"href":"https:\/\/staging.ivg.it\/ediapi\/wp\/v2\/media?parent=211652"}],"wp:term":[{"taxonomy":"category","embeddable":true,"href":"https:\/\/staging.ivg.it\/ediapi\/wp\/v2\/categories?post=211652"},{"taxonomy":"post_tag","embeddable":true,"href":"https:\/\/staging.ivg.it\/ediapi\/wp\/v2\/tags?post=211652"}],"curies":[{"name":"wp","href":"https:\/\/api.w.org\/{rel}","templated":true}]}}