{"id":211441,"date":"2012-02-16T13:28:04","date_gmt":"2012-02-16T12:28:04","guid":{"rendered":"http:\/\/www.ivg.it\/?p=211441"},"modified":"2012-02-16T18:38:41","modified_gmt":"2012-02-16T17:38:41","slug":"aree-ex-acna-di-cengio-e-crisi-industriale-nel-savonese-al-tavolo-romano","status":"publish","type":"post","link":"https:\/\/staging.ivg.it\/2012\/02\/aree-ex-acna-di-cengio-e-crisi-industriale-nel-savonese-al-tavolo-romano\/","title":{"rendered":"Aree ex Acna di Cengio e crisi industriale nel Savonese al &#8220;tavolo romano&#8221;"},"content":{"rendered":"<p><strong>Roma<\/strong>. Questa mattina la sede del Ministero dell&#8217;Ambiente a Roma ha ospitato una riunione che ha avuto come argomento le aree ex Acna di Cengio ed il ritorno alla produttivit\u00e0 di questo sito. Hanno partecipato alla riunione il presidente della Provincia di Savona Angelo Vaccarezza, il presidente della Regione Liguria Claudio Burlando, della Regione Piemonte Roberto Cota, il presidente della Provincia di Cuneo Gianna Gancia, il sindaco di Saliceto Enrico Pregliasco ed il sindaco di Cengio Ezio Billia.<\/p>\n<p>\u201cL&#8217;incontro di questa mattina \u00e8 stato molto positivo &#8211; ha comentato Vaccarezza &#8211; Eravamo a conoscenza che Eni avesse intenzione di inserire in un&#8217;unica transazione il risarcimento danni ambientali per tutti i siti interessati, la novit\u00e0 \u00e8 stata che, a seguito delle nostre sollecitazioni, Eni ha comunicato l&#8217;intenzione di considerare l&#8217;area di Cengio come area specifica di intervento. Tutto questo ha un peso ed un significato fondamentale poich\u00e9 viene riconosciuta l&#8217;unicit\u00e0 del sito, le sue specifiche problematiche e le future soluzioni di riqualificazione&#8221;.<\/p>\n<p>&#8220;La soluzione adottata da Eni \u00e8 stata accolta con favore da tutti i soggetti coinvolti, mi fa piacere sottolineare che la presenza al tavolo di tutti gli interlocutori ha permesso di poter definire insieme le tappe future &#8211; dice ancora il numerom uno di Palazzo Nervi &#8211; Sicuramente il primo passaggio vedr\u00e0 la formulazione da parte della Regione Piemonte, della Provincia di Cuneo e dei Comuni interessati, di una richiesta economica per i gravi danni ambientali subiti dall&#8217;area. Ma, contestualmente, si avr\u00e0 la possibilit\u00e0 di elaborare le proposte che potranno dare il via alla riqualificazione della zona permettendo, in tempi relativamente brevi, la ripresa di un nuovo ciclo produttivo&#8221;.<\/p>\n<p>&#8220;Per quanto riguarda le azioni che possiamo attuare immediatamente nella nostra provincia, anche alla luce anche delle recenti notizie che riguardano Vado, occorre convocare urgentemente\u00a0un Tavolo generale sulle criticit\u00e0 socio-economiche che investono aziende e lavoratori. Tavolo a cui far partecipare, attivamente e fattivamente, parlamentari, assessori e consiglieri regionali eletti sul nostro territorio. La Provincia di Savona non si \u00e8 mai tirata indietro e anzi, oggi pi\u00f9 che mai, \u00e8 motivata a superare questa crisi e a fare fronte comune con le istituzioni, parti politiche e sociali, ma soprattutto con i lavoratori. Occorre fare questo per comprendere in modo chiaro e preciso quello che sta accadendo alle nostre aziende al fine di poter discernere le giuste soluzioni che non risultino dettate solo da mere speculazioni imprenditoriali. Per questo motivo la Provincia di Savona intende assolvere pienamente a quello che \u00e8 il proprio ruolo istituzionale: sostenere quindi soltanto quelle progettualit\u00e0 mirate a dare prospettive di continuit\u00e0 e crescita alle aziende, motore economico del nostro territorio&#8221;.<\/p>\n<p>&#8220;L&#8217;occasione di incontro e la presenza del Governatore Burlando, ha consentito poi ai Sindaci di Cengio e Saliceto di far presente che l&#8217;emergenza, a cui le strade dei loro comuni sono sottoposti da tempo, non \u00e8 ancora terminata. Notizia di ieri la grave frana che ha nuovamente coinvolto un tratto importante per il collegamento tra la Liguria e il Piemonte. L&#8217;auspicio \u00e8 che l&#8217;incontro diretto possa garantire un tempestivo intervento anche da parte delle Regione\u201d conclude Vaccarezza.<\/p>\n<p>\u201cHo deciso di convocare un Tavolo del lavoro, in accordo con il Presidente Vaccarezza, chiedendo ai parlamentari liguri, agli assessori regionali Guccinelli e Vesco, ai consiglieri regionali eletti nella nostra provincia di intervenire per valutare ipotesi e trovare insieme soluzioni &#8211; aggiunge l&#8217;assessore allo Sviluppo Economico della Provincia di Savona Giorgio Sambin &#8211; Ci troviamo di fronte a situazioni che mettono a rischio la tenuta socio- economica della nostra provincia. Questo drammatico periodo impone a tutte le forze politiche e sociali di trovare sinergicamente nuove opportunit\u00e0 per le imprese, i lavoratori e le loro famiglie, evitando ulteriori ricadute negative anche su altri comparti produttivi, come ad esempio il settore del commercio. Il Tavolo del lavoro da solo non potr\u00e0 incidere sullo sviluppo del territorio, ma pensato come strumento per individuare possibili interventi concreti e condivisi pu\u00f2 arginare una situazione che, purtroppo, ad oggi \u00e8 drammatica\u201d.<\/p>\n","protected":false},"excerpt":{"rendered":"<p>Roma. Questa mattina la sede del Ministero dell&#8217;Ambiente a Roma ha ospitato una riunione che ha avuto come argomento le aree ex Acna di Cengio ed il ritorno alla produttivit\u00e0 di questo sito. Hanno partecipato alla riunione il presidente della Provincia di Savona Angelo Vaccarezza, il presidente della Regione Liguria Claudio Burlando, della Regione Piemonte [&hellip;]<\/p>\n","protected":false},"author":13744,"featured_media":0,"comment_status":"open","ping_status":"closed","sticky":false,"template":"","format":"standard","meta":{"footnotes":""},"categories":[35],"tags":[2934,2317,85897,595,37580,1253],"class_list":["post-211441","post","type-post","status-publish","format-standard","hentry","category-economia","tag-acna","tag-angelo-vaccarezza","tag-cengio","tag-crisi","tag-giorgio-sambin","tag-roma","post_cat_citta-cengio","post_cat_citta-savona"],"amp_validity":null,"amp_enabled":true,"_links":{"self":[{"href":"https:\/\/staging.ivg.it\/ediapi\/wp\/v2\/posts\/211441","targetHints":{"allow":["GET"]}}],"collection":[{"href":"https:\/\/staging.ivg.it\/ediapi\/wp\/v2\/posts"}],"about":[{"href":"https:\/\/staging.ivg.it\/ediapi\/wp\/v2\/types\/post"}],"author":[{"embeddable":true,"href":"https:\/\/staging.ivg.it\/ediapi\/wp\/v2\/users\/13744"}],"replies":[{"embeddable":true,"href":"https:\/\/staging.ivg.it\/ediapi\/wp\/v2\/comments?post=211441"}],"version-history":[{"count":0,"href":"https:\/\/staging.ivg.it\/ediapi\/wp\/v2\/posts\/211441\/revisions"}],"wp:attachment":[{"href":"https:\/\/staging.ivg.it\/ediapi\/wp\/v2\/media?parent=211441"}],"wp:term":[{"taxonomy":"category","embeddable":true,"href":"https:\/\/staging.ivg.it\/ediapi\/wp\/v2\/categories?post=211441"},{"taxonomy":"post_tag","embeddable":true,"href":"https:\/\/staging.ivg.it\/ediapi\/wp\/v2\/tags?post=211441"}],"curies":[{"name":"wp","href":"https:\/\/api.w.org\/{rel}","templated":true}]}}