{"id":211417,"date":"2012-02-16T08:58:29","date_gmt":"2012-02-16T07:58:29","guid":{"rendered":"http:\/\/www.ivg.it\/?p=211417"},"modified":"2012-02-16T13:04:50","modified_gmt":"2012-02-16T12:04:50","slug":"savona-io-ladulto-tu-il-bambino-incontro-con-una-psicologa-per-aiutare-i-genitori-a-capire-il-mondo-dei-figli","status":"publish","type":"post","link":"https:\/\/staging.ivg.it\/2012\/02\/savona-io-ladulto-tu-il-bambino-incontro-con-una-psicologa-per-aiutare-i-genitori-a-capire-il-mondo-dei-figli\/","title":{"rendered":"Savona, &#8220;Io l&#8217;adulto tu il bambino&#8221;: incontro con una psicologa per aiutare i genitori a capire il mondo dei figli"},"content":{"rendered":"<p><strong>Savona<\/strong>. &#8220;Io l&#8217;adulto tu il bambino&#8221;. E&#8217; questo il titolo dell&#8217;incontro rivolto ai genitori e finalizzato a conoscere meglio il punto di vista infantile del mondo, degli eventi e delle persone, che \u00e8 stato organizzato per domani sera, alle 21, presso la suola primaria delle Suore della Neve in via Manzoni 7 a Savona.<\/p>\n<p>&#8220;Il pensiero reale e il pensiero fantastico sono in continua interazione nella mente del bambino che vive una realt\u00e0 influenzata dalla fantasia e ci\u00f2 pu\u00f2 causare distorsioni nella interpretazione della verit\u00e0 che possono creare sofferenza o reazioni apparentemente incomprensibili\u201d spiega la dottoressa Silvia Giacosa, psicologa e direttore della Scuola di Specializzazione di psicologia di Milano.<\/p>\n<p>&#8220;Conoscere meglio il mondo infantile porta ad avere delle competenze che avvicinano gli adulti ai bambini e, ponendoli sullo stesso piano comunicativo, facilitano la comprensione e l\u2019interazione. Un modo per essere capiti e capire, essere ascoltati e ascoltare. Sar\u00e0 un incontro formativo e interattivo basato su informazioni, esempi, aneddoti al fine di generare un &#8216;laboratorio&#8217; dal quale ogni adulto potr\u00e0 recuperare spunti per migliorare la funzione di educatore affettivo del proprio bambino&#8221; aggiunge la dottoressa Giacosa.<\/p>\n<p>&#8220;Leggere oltre una bugia, un tic, un rifiuto, una paura, un atteggiamento di isolamento, una inspiegata aggressivit\u00e0 o una gelosia. Definire il valore e il significato delle regole, dei premi, delle punizioni, del tempo libero, della noia e di ogni altro elemento che costituisce la quotidianit\u00e0 del rapporto adulto-bambino&#8221; conclude la psicologa.<\/p>\n<p>L&#8217;incontro si inserisce in una serie di eventi rivolti all\u2019importante tema dell\u2019educazione che A.Ge.S.C. (Associazione Genitori Scuole Cattoliche) Savona presenta periodicamente ai suoi iscritti, agli educatori e a tutti genitori interessati. L&#8217;A.Ge.S.C. \u00e8 un&#8217;importante realt\u00e0 radicata a livello locale, regionale e su tutto il territorio nazionale dove partecipa come parte attiva a tutti i tavoli di lavoro sulla scuola e l&#8217;educazione.<\/p>\n<p>&#8220;L&#8217;Associazione a livello locale \u00e8 composta da genitori di buona volont\u00e0 che grazie al confronto ed al contributo di tutti affrontano, con professionisti da anni impegnati sul campo con i ragazzi, tematiche fondamentali nel vivere quotidiano. Crediamo che educarci, per educare, sia un obiettivo imprescindibile per formare i giovani del futuro e debba essere una priorit\u00e0 sociale. Contiamo anche sulla collaborazione con le istituzioni locali e, nel rispetto delle diversit\u00e0 dei compiti e responsabilit\u00e0, con i gestori delle scuole&#8221; spiegano i responsabili di Agesc.<\/p>\n<p>L&#8217;incontro di domani segue un evento tenutosi lo scorso 24 ottobre presso la Sala Rossa di Palazzo Sisto con il Dott. Ezio Aceti psicologo dell&#8217;et\u00e0 evolutiva che ha visto la sala gremita da genitori, educatori ed insegnanti con la presenza del Vescovo Lupi e dell&#8217;Assessore ai Servizi Sociali Isabella Sorgini. Il dottor Aceti ha trattato temi come bullismo, iperattivit\u00e0, problemi di comunicazione tra genitori, uso e abuso dei media.<\/p>\n","protected":false},"excerpt":{"rendered":"<p>Savona. &#8220;Io l&#8217;adulto tu il bambino&#8221;. E&#8217; questo il titolo dell&#8217;incontro rivolto ai genitori e finalizzato a conoscere meglio il punto di vista infantile del mondo, degli eventi e delle persone, che \u00e8 stato organizzato per domani sera, alle 21, presso la suola primaria delle Suore della Neve in via Manzoni 7 a Savona. &#8220;Il [&hellip;]<\/p>\n","protected":false},"author":13744,"featured_media":0,"comment_status":"open","ping_status":"closed","sticky":false,"template":"","format":"standard","meta":{"footnotes":""},"categories":[],"tags":[335,2860,15286,85850],"class_list":["post-211417","post","type-post","status-publish","format-standard","hentry","tag-bambini","tag-incontro","tag-psicologa","tag-savona","post_cat_citta-savona"],"amp_validity":null,"amp_enabled":true,"_links":{"self":[{"href":"https:\/\/staging.ivg.it\/ediapi\/wp\/v2\/posts\/211417","targetHints":{"allow":["GET"]}}],"collection":[{"href":"https:\/\/staging.ivg.it\/ediapi\/wp\/v2\/posts"}],"about":[{"href":"https:\/\/staging.ivg.it\/ediapi\/wp\/v2\/types\/post"}],"author":[{"embeddable":true,"href":"https:\/\/staging.ivg.it\/ediapi\/wp\/v2\/users\/13744"}],"replies":[{"embeddable":true,"href":"https:\/\/staging.ivg.it\/ediapi\/wp\/v2\/comments?post=211417"}],"version-history":[{"count":0,"href":"https:\/\/staging.ivg.it\/ediapi\/wp\/v2\/posts\/211417\/revisions"}],"wp:attachment":[{"href":"https:\/\/staging.ivg.it\/ediapi\/wp\/v2\/media?parent=211417"}],"wp:term":[{"taxonomy":"category","embeddable":true,"href":"https:\/\/staging.ivg.it\/ediapi\/wp\/v2\/categories?post=211417"},{"taxonomy":"post_tag","embeddable":true,"href":"https:\/\/staging.ivg.it\/ediapi\/wp\/v2\/tags?post=211417"}],"curies":[{"name":"wp","href":"https:\/\/api.w.org\/{rel}","templated":true}]}}