{"id":211172,"date":"2012-02-13T10:26:53","date_gmt":"2012-02-13T09:26:53","guid":{"rendered":"http:\/\/www.ivg.it\/?p=211172"},"modified":"2012-02-13T15:26:15","modified_gmt":"2012-02-13T14:26:15","slug":"nuovo-pdl-ripamonti-lega-nord-da-fiducia-a-valle-ma-frena-sullalleanza-rifiutiamo-decisioni-che-cadono-dallalto","status":"publish","type":"post","link":"https:\/\/staging.ivg.it\/2012\/02\/nuovo-pdl-ripamonti-lega-nord-da-fiducia-a-valle-ma-frena-sullalleanza-rifiutiamo-decisioni-che-cadono-dallalto\/","title":{"rendered":"&#8220;Nuovo&#8221; Pdl, Ripamonti (Lega Nord) d\u00e0 fiducia a Valle ma frena sull&#8217;alleanza: &#8220;Rifiutiamo decisioni che cadono dall&#8217;alto&#8221;"},"content":{"rendered":"<p><strong>Savona<\/strong>. Nomi nuovi ma vecchi grattacapo. Il cammino della rinnovata classe dirigente del Pdl savonese, che ha portato all&#8217;elezione a segretario di Andrea Valle, potrebbe presto incontrare ostacoli che, gi\u00e0 in passato, ne hanno rallentato la corsa.<\/p>\n<p>Ad impensierire \u00e8 soprattutto l&#8217;alleanza con la Lega Nord che, da lontano, guarda alla scacchiera politica pensando alle prossime mosse. Soprattutto di fronte alle recenti dichiarazioni del presidente della Provincia, Angelo Vaccarezza, che non sembra dare per scontata un'&#8221;unione&#8221; dei due partiti di centro destra alle prossime amministrative che vedranno coinvolti cinque Comuni del Savonese.<\/p>\n<p>&#8220;Vaccarezza avanza dubbi su un&#8217;alleanza? E&#8217; in buona compagnia&#8221;, \u00e8 la dichiarazione tagliente di Paolo Ripamonti, segretario provinciale del partito del Carroccio, che continua: &#8220;A Borghetto Santo Spirito, cos\u00ec come a Cairo Montenotte, sono in corso trattative tra i due partiti. Quel che \u00e8 certo \u00e8 che chiediamo un rapporto paritetico con il Pdl, rifiutando decisioni che cadono dall&#8217;alto. Ci auguriamo di avere interlocutori disponibili al confronto&#8221;.<\/p>\n<p>&#8220;Ad Andrea Valle vanno i miei complimenti e i miei auguri. \u00c8 un ragazzo giovane e stimabile che rappresenta qualcosa di positivo e che conosco bene, perch\u00e8 da anni condividiamo insieme questo percorso nell&#8217;amministrazione provinciale. Mi auguro che questo nuovo lavoro sia pieno di soddisfazioni personali. &#8211; dice ancora Ripamonti &#8211; Ora per\u00f2 dobbiamo decidere come interagire. C&#8217;\u00e8 chi ha sempre dato per ovvio l&#8217;appoggio della Lega Nord, perch\u00e9 siamo persone serie, ma non \u00e8 detto che sia sempre cos\u00ec&#8221;<\/p>\n<p>Sul fronte delle alleanze Ripamonti sottolinea: &#8220;Le verifiche saranno bipartisan, se il neo segretario vorr\u00e0 fare una chiacchierata tra i rapporti tra Pdl e Lega io sono ben disponibile. In vista delle amministrative, la politica viaggia su molti fronti, le amministrazioni hanno spesso governi di un certo tipo e alleanze diverse. La stagione di congressi per noi \u00e8 fondamentale, entro breve ci sar\u00e0 un mini congresso provinciale che determiner\u00e0 i delegati che andranno al congresso nazionale per il nuovo segretario. Ad Andrea Valle auguro di avere una segreteria forte come la mia che gli permetta di lavorare serenamente; sui rapporti con il ponente la giunta Guarnieri \u00e8 importante sia per il Pdl che per la Lega ma anche per tutto il centrodestra\u201d.<\/p>\n","protected":false},"excerpt":{"rendered":"<p>Savona. Nomi nuovi ma vecchi grattacapo. Il cammino della rinnovata classe dirigente del Pdl savonese, che ha portato all&#8217;elezione a segretario di Andrea Valle, potrebbe presto incontrare ostacoli che, gi\u00e0 in passato, ne hanno rallentato la corsa. Ad impensierire \u00e8 soprattutto l&#8217;alleanza con la Lega Nord che, da lontano, guarda alla scacchiera politica pensando alle [&hellip;]<\/p>\n","protected":false},"author":2620,"featured_media":0,"comment_status":"open","ping_status":"closed","sticky":false,"template":"","format":"standard","meta":{"footnotes":""},"categories":[31],"tags":[9954,2317,161,151,38066,630,10714,216,85850],"class_list":["post-211172","post","type-post","status-publish","format-standard","hentry","category-politica","tag-andrea-valle","tag-angelo-vaccarezza","tag-borghetto","tag-cairo","tag-elezioni-2012","tag-lega-nord","tag-paolo-ripamonti","tag-pdl","tag-savona","post_cat_citta-savona"],"amp_validity":null,"amp_enabled":true,"_links":{"self":[{"href":"https:\/\/staging.ivg.it\/ediapi\/wp\/v2\/posts\/211172","targetHints":{"allow":["GET"]}}],"collection":[{"href":"https:\/\/staging.ivg.it\/ediapi\/wp\/v2\/posts"}],"about":[{"href":"https:\/\/staging.ivg.it\/ediapi\/wp\/v2\/types\/post"}],"author":[{"embeddable":true,"href":"https:\/\/staging.ivg.it\/ediapi\/wp\/v2\/users\/2620"}],"replies":[{"embeddable":true,"href":"https:\/\/staging.ivg.it\/ediapi\/wp\/v2\/comments?post=211172"}],"version-history":[{"count":0,"href":"https:\/\/staging.ivg.it\/ediapi\/wp\/v2\/posts\/211172\/revisions"}],"wp:attachment":[{"href":"https:\/\/staging.ivg.it\/ediapi\/wp\/v2\/media?parent=211172"}],"wp:term":[{"taxonomy":"category","embeddable":true,"href":"https:\/\/staging.ivg.it\/ediapi\/wp\/v2\/categories?post=211172"},{"taxonomy":"post_tag","embeddable":true,"href":"https:\/\/staging.ivg.it\/ediapi\/wp\/v2\/tags?post=211172"}],"curies":[{"name":"wp","href":"https:\/\/api.w.org\/{rel}","templated":true}]}}