{"id":211145,"date":"2012-02-12T15:48:30","date_gmt":"2012-02-12T14:48:30","guid":{"rendered":"http:\/\/www.ivg.it\/?p=211145"},"modified":"2012-02-12T15:23:03","modified_gmt":"2012-02-12T14:23:03","slug":"pdl-il-senatore-grillo-in-liguria-finita-legemonia-di-un-gruppo","status":"publish","type":"post","link":"https:\/\/staging.ivg.it\/2012\/02\/pdl-il-senatore-grillo-in-liguria-finita-legemonia-di-un-gruppo\/","title":{"rendered":"Pdl, il senatore Grillo: &#8220;In Liguria finita l&#8217;egemonia di un gruppo&#8221;"},"content":{"rendered":"<p><strong>Liguria.<\/strong> Anche nel Pdl &#8220;si comincia a ragionare, si comincia a confrontarci dialetticamente. Non c&#8217;\u00e9 pi\u00f9 una persona che ragiona per tutti, non c&#8217;\u00e9 pi\u00f9 un gruppo che impone candidature o dirigenze. E&#8217; finita l&#8217;egemonia di un gruppo nel Pdl ligure&#8221;. Lo ha detto il senatore Pdl Luigi Grillo intervenendo a margine del congresso regionale dell&#8217;Udc, parlando dei congressi provinciali del Popolo delle Libert\u00e0. <\/p>\n<p>&#8220;Oggi i dirigenti del Pdl sono eletti per la prima volta in modo democratico &#8211; ha detto Grillo &#8211; e sono convinto che i futuri dirigenti sapranno recuperare il tempo perso. Il Pdl sta celebrando i propri congressi in tutte e quattro le province liguri e l\u00ec sono state concordate le candidature. Perch\u00e9 non c&#8217;\u00e9 pi\u00f9 una persona che ragiona per tutti, non c&#8217;\u00e9 pi\u00f9 un gruppo che impone candidature o dirigenze&#8221;.<\/p>\n","protected":false},"excerpt":{"rendered":"<p>Liguria. Anche nel Pdl &#8220;si comincia a ragionare, si comincia a confrontarci dialetticamente. Non c&#8217;\u00e9 pi\u00f9 una persona che ragiona per tutti, non c&#8217;\u00e9 pi\u00f9 un gruppo che impone candidature o dirigenze. E&#8217; finita l&#8217;egemonia di un gruppo nel Pdl ligure&#8221;. Lo ha detto il senatore Pdl Luigi Grillo intervenendo a margine del congresso regionale [&hellip;]<\/p>\n","protected":false},"author":13744,"featured_media":0,"comment_status":"open","ping_status":"closed","sticky":false,"template":"","format":"standard","meta":{"footnotes":""},"categories":[31],"tags":[2154,216,524],"class_list":["post-211145","post","type-post","status-publish","format-standard","hentry","category-politica","tag-luigi-grillo","tag-pdl","tag-udc","post_cat_citta-andora","post_cat_citta-savona"],"amp_validity":null,"amp_enabled":true,"_links":{"self":[{"href":"https:\/\/staging.ivg.it\/ediapi\/wp\/v2\/posts\/211145","targetHints":{"allow":["GET"]}}],"collection":[{"href":"https:\/\/staging.ivg.it\/ediapi\/wp\/v2\/posts"}],"about":[{"href":"https:\/\/staging.ivg.it\/ediapi\/wp\/v2\/types\/post"}],"author":[{"embeddable":true,"href":"https:\/\/staging.ivg.it\/ediapi\/wp\/v2\/users\/13744"}],"replies":[{"embeddable":true,"href":"https:\/\/staging.ivg.it\/ediapi\/wp\/v2\/comments?post=211145"}],"version-history":[{"count":0,"href":"https:\/\/staging.ivg.it\/ediapi\/wp\/v2\/posts\/211145\/revisions"}],"wp:attachment":[{"href":"https:\/\/staging.ivg.it\/ediapi\/wp\/v2\/media?parent=211145"}],"wp:term":[{"taxonomy":"category","embeddable":true,"href":"https:\/\/staging.ivg.it\/ediapi\/wp\/v2\/categories?post=211145"},{"taxonomy":"post_tag","embeddable":true,"href":"https:\/\/staging.ivg.it\/ediapi\/wp\/v2\/tags?post=211145"}],"curies":[{"name":"wp","href":"https:\/\/api.w.org\/{rel}","templated":true}]}}