{"id":210963,"date":"2012-02-09T13:17:00","date_gmt":"2012-02-09T12:17:00","guid":{"rendered":"http:\/\/www.ivg.it\/?p=210963"},"modified":"2012-02-09T13:17:00","modified_gmt":"2012-02-09T12:17:00","slug":"albenga-in-biblioteca-un-ricordo-per-le-vittime-delle-foibe","status":"publish","type":"post","link":"https:\/\/staging.ivg.it\/2012\/02\/albenga-in-biblioteca-un-ricordo-per-le-vittime-delle-foibe\/","title":{"rendered":"Albenga, in biblioteca un ricordo per le vittime delle foibe"},"content":{"rendered":"<p><strong>Albenga.<\/strong> \u201cFoibe&#8230;per non dimenticare&#8230;\u201d. \u00c8 questo il titolo dell&#8217;iniziativa promossa dalla Biblioteca Civica \u201cSimonetta Comanedi\u201d di Albenga che, in occasione del Giorno del Ricordo di venerd\u00ec 10 febbraio ha preparato un pieghevole commemorativo, \u201cSpigolature di Letteratura Giuliano Dalmata e Bibliografia minima\u201d, contenente alcuni passi poetici e letterari inerenti al tema delle foibe, con indicazione di una bibliografia presente in biblioteca, nonch\u00e9 dei titoli da una collana di autori della Comunit\u00e0 Nazionale Italiana che vive in Croazia e Slovenia. Recentemente ordinati, i volumi saranno a breve disponibili per gli utenti che desiderino un approfondimento.<\/p>\n<p>La Biblioteca Civica \u201cSimonetta Comanedi\u201d, in Via Roma n. 58., \u00e8 aperta dal Luned\u00ec al Venerd\u00ec, dalle ore 9.00 alle ore 13.00 e dalle ore 15.00 alle ore 17.45 (escluso il Luned\u00ec). Tel\/Fax: 0182 51760; e-mail: biblioteca@comune.albenga.sv.it; <\/p>\n","protected":false},"excerpt":{"rendered":"<p>Albenga. \u201cFoibe&#8230;per non dimenticare&#8230;\u201d. \u00c8 questo il titolo dell&#8217;iniziativa promossa dalla Biblioteca Civica \u201cSimonetta Comanedi\u201d di Albenga che, in occasione del Giorno del Ricordo di venerd\u00ec 10 febbraio ha preparato un pieghevole commemorativo, \u201cSpigolature di Letteratura Giuliano Dalmata e Bibliografia minima\u201d, contenente alcuni passi poetici e letterari inerenti al tema delle foibe, con indicazione di [&hellip;]<\/p>\n","protected":false},"author":13744,"featured_media":0,"comment_status":"open","ping_status":"closed","sticky":false,"template":"","format":"standard","meta":{"footnotes":""},"categories":[],"tags":[85841,6411,6507],"class_list":["post-210963","post","type-post","status-publish","format-standard","hentry","tag-albenga","tag-foibe","tag-giorno-del-ricordo","post_cat_citta-albenga"],"amp_validity":null,"amp_enabled":true,"_links":{"self":[{"href":"https:\/\/staging.ivg.it\/ediapi\/wp\/v2\/posts\/210963","targetHints":{"allow":["GET"]}}],"collection":[{"href":"https:\/\/staging.ivg.it\/ediapi\/wp\/v2\/posts"}],"about":[{"href":"https:\/\/staging.ivg.it\/ediapi\/wp\/v2\/types\/post"}],"author":[{"embeddable":true,"href":"https:\/\/staging.ivg.it\/ediapi\/wp\/v2\/users\/13744"}],"replies":[{"embeddable":true,"href":"https:\/\/staging.ivg.it\/ediapi\/wp\/v2\/comments?post=210963"}],"version-history":[{"count":0,"href":"https:\/\/staging.ivg.it\/ediapi\/wp\/v2\/posts\/210963\/revisions"}],"wp:attachment":[{"href":"https:\/\/staging.ivg.it\/ediapi\/wp\/v2\/media?parent=210963"}],"wp:term":[{"taxonomy":"category","embeddable":true,"href":"https:\/\/staging.ivg.it\/ediapi\/wp\/v2\/categories?post=210963"},{"taxonomy":"post_tag","embeddable":true,"href":"https:\/\/staging.ivg.it\/ediapi\/wp\/v2\/tags?post=210963"}],"curies":[{"name":"wp","href":"https:\/\/api.w.org\/{rel}","templated":true}]}}