{"id":210774,"date":"2012-02-07T08:33:39","date_gmt":"2012-02-07T07:33:39","guid":{"rendered":"http:\/\/www.ivg.it\/?p=210774"},"modified":"2012-02-07T15:35:51","modified_gmt":"2012-02-07T14:35:51","slug":"elezioni-cairo-riunioni-a-sinistra-mentre-i-leghisti-attaccano-vaccarezza-decidiamo-da-soli","status":"publish","type":"post","link":"https:\/\/staging.ivg.it\/2012\/02\/elezioni-cairo-riunioni-a-sinistra-mentre-i-leghisti-attaccano-vaccarezza-decidiamo-da-soli\/","title":{"rendered":"Elezioni Cairo, riunioni a sinistra mentre i leghisti attaccano Vaccarezza: &#8220;Decidiamo da soli&#8221;"},"content":{"rendered":"<p><strong>Cairo M.<\/strong> In vista delle prossime elezioni amministrative cairesi, si affilano le armi a destra come a sinistra. Nelle ultime ore si sono incontrate le delegazioni valbormidesi di Sel ed Idv &#8220;allo scopo &#8211; si legge in una nota congiunta &#8211; di ragionare su una comune piattaforma politica da presentare alla coalizione di centrosinistra&#8221;.<\/p>\n<p>Sono stati identificati quali temi principali la difesa della sanit\u00e0 ospedaliera e territoriale della Valbormida e la tutela ambientale. &#8220;Su quest\u2019ultimo tema &#8211; si legge ancora nel comunicato &#8211; Sel ed Idv proporranno alcune pregiudiziali allo scopo di garantire controlli ambientali efficaci sulle aree circostanti le realt\u00e0 industriali pi\u00f9 importanti, cercando di avere garanzie e certezze su una forte rete di monitoraggio pubblico sugli inquinanti e sulla possibilit\u00e0 di avere dati scientifici, frutto di rigorosi studi epidemiologici, al fine di tutelare il diritto alla salute dei cittadini&#8221;.<\/p>\n<p>&#8220;Sar\u00e0 condotta una dura battaglia a sostegno dell\u2019ospedale San Giuseppe che mirer\u00e0 ad ottenere una day-surgery pluridisciplinare a valenza provinciale ed il mantenimento dell\u2019attuale livello di assistenza ai pazienti. Confermiamo la necessit\u00e0 di avere un pronto soccorso efficace nelle risposte cliniche e nella dotazione organica, che preveda sicuramente le reperibilit\u00e0 di figure professionali come chirurgo generale , anestesista e cardiologo. E\u2019 necessario inoltre avere un preciso dato temporale riguardo l\u2019edificazione del nuovo blocco operatorio&#8221;, conclude la nota.<\/p>\n<p>Nell&#8217;area di centrodestra, invece, risuonano le critiche rivolte dalla Lega Nord cairese contro l&#8217;amministrazione Briano descritta come &#8220;deficitaria dal punto di vista dei programmi, per non dire quasi priva dei pi\u00f9 elementari principi della democrazia&#8221;, cos\u00ec come contro il presidente della Provincia, Angelo Vaccarezza, che, sostengono i rappresentanti del Carroccio, &#8220;dovrebbe occuparsi della risoluzione dei molti problemi che attanagliano la nostra provincia&#8221;, invece di &#8220;affacciarsi alla ribalta valbormidese solo in occasione di qualche scadenza elettorale, distillandoci gocce di immenso sapere&#8221;.<\/p>\n<p>Nel criticare il governo guidato da Fulvio Briano la Lega Nord definisce &#8220;emblematico&#8221; il caso della scelta di infrastrutturare nell\u2019area di Ferrania di un gigantesco biodigestore senza peraltro portare la discussione nemmeno in consiglio comunale. &#8220;Il ruolo che Cairo deve avere nel contesto valbormidese \u00e8 quello di importante Comune-guida, ai quali tutti devono guardare anche per sopperire alla sempre maggiore carenza di risorse; l\u2019attuale sindaco ha spesso invece preferito percorrere la strada della &#8216;splendida solitudine'&#8221;, sostengono i leghisti.<\/p>\n<p>&#8220;Per sconfiggere questa logica, penso che la Lega Nord lavorer\u00e0 al fine di costituire delle alleanze per Cairo, non dettate da qualche potentato autorevole ma convinta che si debba scegliere una squadra di persone serie e preparate alle quali stia a cuore la rinascita della citt\u00e0. Se il presidente Vaccarezza pensa di ricondurre la sezione della Lega Nord di Cairo a pi\u00f9 miti consigli, minacciando con stucchevoli avvertimenti, ricordo che siamo consapevoli del nostro operato e che non temiamo alcuna ripercussione degli equilibri provinciali; anzi, se dobbiamo optare tra la nostra autonomia e gli interessi della Riviera, la scelta l\u2019abbiamo gi\u00e0 fatta. Prendiamo atto delle ultime esternazioni per ribadire la nostra piena autonomia decisionale che \u00e8 intaccabile e sar\u00e0 sostenuta con forza anche all\u2019interno degli organismi istituzionali del partito&#8221;, conclude la nota leghista.<\/p>\n","protected":false},"excerpt":{"rendered":"<p>Cairo M. In vista delle prossime elezioni amministrative cairesi, si affilano le armi a destra come a sinistra. Nelle ultime ore si sono incontrate le delegazioni valbormidesi di Sel ed Idv &#8220;allo scopo &#8211; si legge in una nota congiunta &#8211; di ragionare su una comune piattaforma politica da presentare alla coalizione di centrosinistra&#8221;. Sono [&hellip;]<\/p>\n","protected":false},"author":13744,"featured_media":0,"comment_status":"open","ping_status":"closed","sticky":false,"template":"","format":"standard","meta":{"footnotes":""},"categories":[31],"tags":[2317,151,38066,2771,2492,630,20379],"class_list":["post-210774","post","type-post","status-publish","format-standard","hentry","category-politica","tag-angelo-vaccarezza","tag-cairo","tag-elezioni-2012","tag-fulvio-briano","tag-idv","tag-lega-nord","tag-sel","post_cat_citta-cairo-montenotte"],"amp_validity":null,"amp_enabled":true,"_links":{"self":[{"href":"https:\/\/staging.ivg.it\/ediapi\/wp\/v2\/posts\/210774","targetHints":{"allow":["GET"]}}],"collection":[{"href":"https:\/\/staging.ivg.it\/ediapi\/wp\/v2\/posts"}],"about":[{"href":"https:\/\/staging.ivg.it\/ediapi\/wp\/v2\/types\/post"}],"author":[{"embeddable":true,"href":"https:\/\/staging.ivg.it\/ediapi\/wp\/v2\/users\/13744"}],"replies":[{"embeddable":true,"href":"https:\/\/staging.ivg.it\/ediapi\/wp\/v2\/comments?post=210774"}],"version-history":[{"count":0,"href":"https:\/\/staging.ivg.it\/ediapi\/wp\/v2\/posts\/210774\/revisions"}],"wp:attachment":[{"href":"https:\/\/staging.ivg.it\/ediapi\/wp\/v2\/media?parent=210774"}],"wp:term":[{"taxonomy":"category","embeddable":true,"href":"https:\/\/staging.ivg.it\/ediapi\/wp\/v2\/categories?post=210774"},{"taxonomy":"post_tag","embeddable":true,"href":"https:\/\/staging.ivg.it\/ediapi\/wp\/v2\/tags?post=210774"}],"curies":[{"name":"wp","href":"https:\/\/api.w.org\/{rel}","templated":true}]}}