{"id":210735,"date":"2012-02-06T16:04:37","date_gmt":"2012-02-06T15:04:37","guid":{"rendered":"http:\/\/www.ivg.it\/?p=210735"},"modified":"2012-02-06T16:04:37","modified_gmt":"2012-02-06T15:04:37","slug":"concorso-nazionale-dellanmil-per-una-campagna-di-prevenzione-sul-rischio-amianto","status":"publish","type":"post","link":"https:\/\/staging.ivg.it\/2012\/02\/concorso-nazionale-dellanmil-per-una-campagna-di-prevenzione-sul-rischio-amianto\/","title":{"rendered":"Concorso nazionale dell&#8217;Anmil per una campagna di prevenzione sul rischio amianto"},"content":{"rendered":"<p>Secondo gli ultimi dati INAIL, nel solo 2010 sono state denunciate 2.300 malattie correlate all\u2019amianto con un trend in continua crescita: si registra infatti un incremento di circa il 7% rispetto all\u2019anno precedente, del 21% nell\u2019ultimo quinquennio (erano 1.900 nel 2006) e di ben il 53% nell\u2019ultimo decennio (erano 1.500 nel 2001).<\/p>\n<p>Per portare all\u2019attenzione questo fenomeno, che sta interessando la popolazione civile e quindi non solo i lavoratori, l\u2019Anmil e la sua Fondazione \u201cSosteniamoli subito\u201d, in collaborazione con il  Dipartimento di Comunicazione e Ricerca Sociale della Sapienza, ha inteso lanciare un Concorso nazionale per la realizzazione di una campagna di sensibilizzazione sul tema dell\u2019amianto e di fund raising per finanziare progetti di ricerca sulla prevenzione e la cura delle malattie asbesto-correlate.<\/p>\n<p>L\u2019appello \u00e8 rivolto a universitari, laureandi e laureati di qualsiasi Facolt\u00e0 (dal 1\u00b0 gennaio 2009 in poi) e studenti di Scuole Specializzate in Comunicazione e arti visive invitati a mettere a disposizione la propria creativit\u00e0, presentando una campagna completa di pianificazione media e tutto ci\u00f2 che pu\u00f2 contribuire concretamente alla divulgazione della cultura della prevenzione e della cura delle malattie degli esposti all\u2019amianto.<\/p>\n<p>Gli elaborati che dovranno essere spediti entro il 6 marzo, saranno selezionati da una Commissione composta da: il Presidente della Fondazione Anmil \u201cSosteniamoli Subito\u201d, Antonio Sechi; il Direttore del Coris, prof. Mario Morcellini; la Responsabile dell\u2019Ufficio Comunicazione e Relazione Esterne Anmil, Marinella De Maffutiis; il Consigliere CIV INAIL, Giuseppe Turudda; il Prof. Marco Stancati, docente di Pianificazione dei Media nelle strategie d\u2019impresa; la Prof.ssa Paola Panarese, docente di Pubblicit\u00e0 e Strategie di Comunicazione Integrata; il Direttore creativo Fausto Nieddu e l\u2019Art Director Carla Leveratto dell\u2019Agenzia di Comunicazione Roncaglia e Vikijander.<\/p>\n<p>Per la migliore campagna \u00e8 previsto un premio di 1.500 euro, mentre per gli autori dei progetti pi\u00f9 interessanti ci saranno menzioni speciali e possibilit\u00e0 di stage sia presso l\u2019Anmil che presso l\u2019agenzia Roncaglia e Vikijander.<\/p>\n<p>Il Bando con regolamento, scheda di partecipazione e documento di brief saranno scaricabili sul sito dell\u2019Anmil www.anmil.it a partire da oggi.<\/p>\n<p>Per chiarimenti in merito al Concorso, \u00e8 possibile inviare una mail all\u2019indirizzo segreteriafondazione@anmil.it<\/p>\n","protected":false},"excerpt":{"rendered":"<p>Secondo gli ultimi dati INAIL, nel solo 2010 sono state denunciate 2.300 malattie correlate all\u2019amianto con un trend in continua crescita: si registra infatti un incremento di circa il 7% rispetto all\u2019anno precedente, del 21% nell\u2019ultimo quinquennio (erano 1.900 nel 2006) e di ben il 53% nell\u2019ultimo decennio (erano 1.500 nel 2001). Per portare all\u2019attenzione [&hellip;]<\/p>\n","protected":false},"author":13744,"featured_media":0,"comment_status":"open","ping_status":"closed","sticky":false,"template":"","format":"standard","meta":{"footnotes":""},"categories":[],"tags":[3476,36379,862,1123],"class_list":["post-210735","post","type-post","status-publish","format-standard","hentry","tag-amianto","tag-anmil","tag-concorso","tag-prevenzione","post_cat_citta-andora"],"amp_validity":null,"amp_enabled":true,"_links":{"self":[{"href":"https:\/\/staging.ivg.it\/ediapi\/wp\/v2\/posts\/210735","targetHints":{"allow":["GET"]}}],"collection":[{"href":"https:\/\/staging.ivg.it\/ediapi\/wp\/v2\/posts"}],"about":[{"href":"https:\/\/staging.ivg.it\/ediapi\/wp\/v2\/types\/post"}],"author":[{"embeddable":true,"href":"https:\/\/staging.ivg.it\/ediapi\/wp\/v2\/users\/13744"}],"replies":[{"embeddable":true,"href":"https:\/\/staging.ivg.it\/ediapi\/wp\/v2\/comments?post=210735"}],"version-history":[{"count":0,"href":"https:\/\/staging.ivg.it\/ediapi\/wp\/v2\/posts\/210735\/revisions"}],"wp:attachment":[{"href":"https:\/\/staging.ivg.it\/ediapi\/wp\/v2\/media?parent=210735"}],"wp:term":[{"taxonomy":"category","embeddable":true,"href":"https:\/\/staging.ivg.it\/ediapi\/wp\/v2\/categories?post=210735"},{"taxonomy":"post_tag","embeddable":true,"href":"https:\/\/staging.ivg.it\/ediapi\/wp\/v2\/tags?post=210735"}],"curies":[{"name":"wp","href":"https:\/\/api.w.org\/{rel}","templated":true}]}}