{"id":210683,"date":"2012-02-05T18:08:32","date_gmt":"2012-02-05T17:08:32","guid":{"rendered":"http:\/\/www.ivg.it\/?p=210683"},"modified":"2012-02-05T18:08:32","modified_gmt":"2012-02-05T17:08:32","slug":"savona-incontro-sulla-vita-di-malcom-x","status":"publish","type":"post","link":"https:\/\/staging.ivg.it\/2012\/02\/savona-incontro-sulla-vita-di-malcom-x\/","title":{"rendered":"Savona, incontro sulla vita di Malcom X"},"content":{"rendered":"<p><strong>Savona.<\/strong> Quarto appuntamento con &#8220;L&#8217;ombelico del mondo storie di uomini, donne, lotte e popoli&#8221;. Nell&#8217;incontro di domani, luned\u00ec 6 febbraio (ore 20.30 nella Sala Rossa del Comune di Savona) verranno tratteggiate la vita, il pensiero, le azioni di Malcolm X l&#8217;attivista statunitense per i diritti umani in generale e per i diritti degli afroamericani in particolare.<\/p>\n<p>A tenere la lezione sar\u00e0 Giorgio Amico curatore del sito &#8220;Vento largo&#8221; spazio web di cultura, arte, politica, societ\u00e0. Amico \u00e8 anche un affermato scrittore. Tra i scuoi lavori: &#8220;Il rinnegato Korsch&#8221;, &#8220;Operai e comunisti&#8221;, &#8220;Un comunista senza rivoluzione. Arrigo Cervetto&#8221; e il romanzo &#8220;Le illusioni d&#8217;Itaca&#8221;. Ha inoltre curato il volume &#8220;Futurismo a Savona. Omaggio a Stelio Rescio&#8221;.<\/p>\n","protected":false},"excerpt":{"rendered":"<p>Savona. Quarto appuntamento con &#8220;L&#8217;ombelico del mondo storie di uomini, donne, lotte e popoli&#8221;. Nell&#8217;incontro di domani, luned\u00ec 6 febbraio (ore 20.30 nella Sala Rossa del Comune di Savona) verranno tratteggiate la vita, il pensiero, le azioni di Malcolm X l&#8217;attivista statunitense per i diritti umani in generale e per i diritti degli afroamericani in [&hellip;]<\/p>\n","protected":false},"author":13744,"featured_media":0,"comment_status":"open","ping_status":"closed","sticky":false,"template":"","format":"standard","meta":{"footnotes":""},"categories":[],"tags":[761,85850],"class_list":["post-210683","post","type-post","status-publish","format-standard","hentry","tag-conferenza","tag-savona","post_cat_citta-savona"],"amp_validity":null,"amp_enabled":true,"_links":{"self":[{"href":"https:\/\/staging.ivg.it\/ediapi\/wp\/v2\/posts\/210683","targetHints":{"allow":["GET"]}}],"collection":[{"href":"https:\/\/staging.ivg.it\/ediapi\/wp\/v2\/posts"}],"about":[{"href":"https:\/\/staging.ivg.it\/ediapi\/wp\/v2\/types\/post"}],"author":[{"embeddable":true,"href":"https:\/\/staging.ivg.it\/ediapi\/wp\/v2\/users\/13744"}],"replies":[{"embeddable":true,"href":"https:\/\/staging.ivg.it\/ediapi\/wp\/v2\/comments?post=210683"}],"version-history":[{"count":0,"href":"https:\/\/staging.ivg.it\/ediapi\/wp\/v2\/posts\/210683\/revisions"}],"wp:attachment":[{"href":"https:\/\/staging.ivg.it\/ediapi\/wp\/v2\/media?parent=210683"}],"wp:term":[{"taxonomy":"category","embeddable":true,"href":"https:\/\/staging.ivg.it\/ediapi\/wp\/v2\/categories?post=210683"},{"taxonomy":"post_tag","embeddable":true,"href":"https:\/\/staging.ivg.it\/ediapi\/wp\/v2\/tags?post=210683"}],"curies":[{"name":"wp","href":"https:\/\/api.w.org\/{rel}","templated":true}]}}