{"id":210679,"date":"2012-02-05T16:37:17","date_gmt":"2012-02-05T15:37:17","guid":{"rendered":"http:\/\/www.ivg.it\/?p=210679"},"modified":"2012-02-06T09:50:02","modified_gmt":"2012-02-06T08:50:02","slug":"savona-alunni-delle-astengo-a-lezione-dalla-polizia-postale-contro-le-insidie-del-web","status":"publish","type":"post","link":"https:\/\/staging.ivg.it\/2012\/02\/savona-alunni-delle-astengo-a-lezione-dalla-polizia-postale-contro-le-insidie-del-web\/","title":{"rendered":"Savona, alunni delle &#8220;Astengo&#8221; a lezione dalla Polizia Postale contro le insidie del web"},"content":{"rendered":"<p><strong>Savona<\/strong>. Il 7 febbraio in occasione della giornata mondiale \u201cSafer Internet Day\u201d promossa dalla Commissione Europea per un utilizzo sicuro e responsabile dei nuovi media, la Polizia Postale di Savona incontrer\u00e0 le classi quarte delle scuole &#8220;Astengo&#8221; per una lezione ad alunni ed insegnanti sull&#8217;utilizzo del web fra i pi\u00f9 piccoli.<\/p>\n<p>L&#8217;obiettivo della lezione, che sar\u00e0 tenuta dal funzionario della Postale di Savona Alberto Bonvicini, \u00e8 quello di accompagnare i pi\u00f9 giovani alla scoperta dell&#8217;universo online in maniera sicura e sana per una formazione all&#8217;uso corretto di internet; un progetto che la Postale di Savona sta portando avanti nelle scuole di ogni ordine e grado della provincia da 14 anni.<\/p>\n<p>Ma la collaborazione tra le Astengo e la Polizia si estende anche ad altri campi. Gli alunni della 5A e 5C, insieme alla Questura, stanno lavorando alla realizzazione di due spot \u201cPubblicit\u00e0 Progresso\u201d per la ricorrenza dei 160 anni della Polizia di Stato. Il primo spot \u00e8 stato girato nei locali e nel giardino delle Astengo l&#8217;11 gennaio scorso, mente il secondo sar\u00e0 girato a marzo.<\/p>\n<p>Le riprese sono realizzate dal team video-produzioni Fornasier per la regia di Marta Arnaldi con la partecipazione delle docenti e degli alunni delle classi 5 A e 5 C del plesso Astengo, del personale della Polizia di Stato (vicecommissario Daniela Spaccini, sovrintendente Paolo Poggi, Agenti e unit\u00e0 cinofile, una volante), di alcuni docenti e Studenti delle scuole secondarie di secondo grado Geometri Alberti, Ragioneria Boselli e dell&#8217;Istituto Migliorini di Finale.<\/p>\n","protected":false},"excerpt":{"rendered":"<p>Savona. Il 7 febbraio in occasione della giornata mondiale \u201cSafer Internet Day\u201d promossa dalla Commissione Europea per un utilizzo sicuro e responsabile dei nuovi media, la Polizia Postale di Savona incontrer\u00e0 le classi quarte delle scuole &#8220;Astengo&#8221; per una lezione ad alunni ed insegnanti sull&#8217;utilizzo del web fra i pi\u00f9 piccoli. L&#8217;obiettivo della lezione, che [&hellip;]<\/p>\n","protected":false},"author":13744,"featured_media":0,"comment_status":"open","ping_status":"closed","sticky":false,"template":"","format":"standard","meta":{"footnotes":""},"categories":[],"tags":[1363,2429,85850,199,2506],"class_list":["post-210679","post","type-post","status-publish","format-standard","hentry","tag-internet","tag-polizia-postale","tag-savona","tag-scuola","tag-web","post_cat_citta-savona"],"amp_validity":null,"amp_enabled":true,"_links":{"self":[{"href":"https:\/\/staging.ivg.it\/ediapi\/wp\/v2\/posts\/210679","targetHints":{"allow":["GET"]}}],"collection":[{"href":"https:\/\/staging.ivg.it\/ediapi\/wp\/v2\/posts"}],"about":[{"href":"https:\/\/staging.ivg.it\/ediapi\/wp\/v2\/types\/post"}],"author":[{"embeddable":true,"href":"https:\/\/staging.ivg.it\/ediapi\/wp\/v2\/users\/13744"}],"replies":[{"embeddable":true,"href":"https:\/\/staging.ivg.it\/ediapi\/wp\/v2\/comments?post=210679"}],"version-history":[{"count":0,"href":"https:\/\/staging.ivg.it\/ediapi\/wp\/v2\/posts\/210679\/revisions"}],"wp:attachment":[{"href":"https:\/\/staging.ivg.it\/ediapi\/wp\/v2\/media?parent=210679"}],"wp:term":[{"taxonomy":"category","embeddable":true,"href":"https:\/\/staging.ivg.it\/ediapi\/wp\/v2\/categories?post=210679"},{"taxonomy":"post_tag","embeddable":true,"href":"https:\/\/staging.ivg.it\/ediapi\/wp\/v2\/tags?post=210679"}],"curies":[{"name":"wp","href":"https:\/\/api.w.org\/{rel}","templated":true}]}}