{"id":210518,"date":"2012-02-02T15:03:00","date_gmt":"2012-02-02T14:03:00","guid":{"rendered":"http:\/\/www.ivg.it\/?p=210518"},"modified":"2012-02-02T15:26:01","modified_gmt":"2012-02-02T14:26:01","slug":"rinviata-causa-maltempo-la-gran-fondo-citta-di-loano","status":"publish","type":"post","link":"https:\/\/staging.ivg.it\/2012\/02\/rinviata-causa-maltempo-la-gran-fondo-citta-di-loano\/","title":{"rendered":"Rinviata causa maltempo la Gran Fondo Citt\u00e0 di Loano"},"content":{"rendered":"<p><strong>Loano.<\/strong> A causa dell&#8217;annunciato maltempo nel prossimo week end, gli organizzatori della Gran Fondo Citt\u00e0 di Loano- Hersh hanno comunicato la decisione di spostare la manifestazione dal 5 febbraio al 26 febbraio. Restano invariati il programma e il percorso della gara ciclistica.<\/p>\n<p>L&#8217;evento sportivo, organizzato dalla societ\u00e0 sportiva LoaBikers con il contributo dell&#8217;Assessorato al Turismo, Cultura e Sport del Comune di Loano, prender\u00e0 il via sabato 25 febbraio con l&#8217;apertura della vasta area espositiva allestita nel porto di Loano e la distribuzione del pacco gara, che quest&#8217;anno avr\u00e0 il profumo della Liguria con i suoi innumerevoli prodotti. La sera al Bfly si svolger\u00e0 l&#8217;Apericena con un pasto studiato appositamente per i ciclisti.<\/p>\n<p>Domenica 5 febbraio la partenza \u00e8 prevista alle 10.00 al porto. Il percorso della gara \u00e8 stato modificato rispetto alla precedente edizione, per assicurare ai ciclofondisti un tracciato di poco sotto i 100km e di circa 1600m di dislivello, abbordabile da qualsiasi livello di allenamento.<\/p>\n<p>Subito dopo la partenza dei granfondisti,  si svolger\u00e0 la ciclo pedalata riservata ai bambini. Sul lungomare sar\u00e0 allestita una gimkana dove i piccoli ciclisti, di et\u00e0 compresa tra i 5 e i 12 anni, si sfideranno in gare d&#8217;abilit\u00e0.<\/p>\n","protected":false},"excerpt":{"rendered":"<p>Loano. A causa dell&#8217;annunciato maltempo nel prossimo week end, gli organizzatori della Gran Fondo Citt\u00e0 di Loano- Hersh hanno comunicato la decisione di spostare la manifestazione dal 5 febbraio al 26 febbraio. Restano invariati il programma e il percorso della gara ciclistica. L&#8217;evento sportivo, organizzato dalla societ\u00e0 sportiva LoaBikers con il contributo dell&#8217;Assessorato al Turismo, [&hellip;]<\/p>\n","protected":false},"author":13744,"featured_media":0,"comment_status":"open","ping_status":"closed","sticky":false,"template":"","format":"standard","meta":{"footnotes":""},"categories":[32],"tags":[515,6539,85827],"class_list":["post-210518","post","type-post","status-publish","format-standard","hentry","category-sport","tag-ciclismo","tag-granfondo","tag-loano","post_cat_citta-loano"],"amp_validity":null,"amp_enabled":true,"_links":{"self":[{"href":"https:\/\/staging.ivg.it\/ediapi\/wp\/v2\/posts\/210518","targetHints":{"allow":["GET"]}}],"collection":[{"href":"https:\/\/staging.ivg.it\/ediapi\/wp\/v2\/posts"}],"about":[{"href":"https:\/\/staging.ivg.it\/ediapi\/wp\/v2\/types\/post"}],"author":[{"embeddable":true,"href":"https:\/\/staging.ivg.it\/ediapi\/wp\/v2\/users\/13744"}],"replies":[{"embeddable":true,"href":"https:\/\/staging.ivg.it\/ediapi\/wp\/v2\/comments?post=210518"}],"version-history":[{"count":0,"href":"https:\/\/staging.ivg.it\/ediapi\/wp\/v2\/posts\/210518\/revisions"}],"wp:attachment":[{"href":"https:\/\/staging.ivg.it\/ediapi\/wp\/v2\/media?parent=210518"}],"wp:term":[{"taxonomy":"category","embeddable":true,"href":"https:\/\/staging.ivg.it\/ediapi\/wp\/v2\/categories?post=210518"},{"taxonomy":"post_tag","embeddable":true,"href":"https:\/\/staging.ivg.it\/ediapi\/wp\/v2\/tags?post=210518"}],"curies":[{"name":"wp","href":"https:\/\/api.w.org\/{rel}","templated":true}]}}