{"id":210421,"date":"2012-02-01T13:29:17","date_gmt":"2012-02-01T12:29:17","guid":{"rendered":"http:\/\/www.ivg.it\/?p=210421"},"modified":"2012-02-01T16:38:46","modified_gmt":"2012-02-01T15:38:46","slug":"pietra-ligure-al-via-sinfonia-in-verde-mostra-mercato-al-giardino-degli-ellebori","status":"publish","type":"post","link":"https:\/\/staging.ivg.it\/2012\/02\/pietra-ligure-al-via-sinfonia-in-verde-mostra-mercato-al-giardino-degli-ellebori\/","title":{"rendered":"Pietra Ligure: al via &#8220;Sinfonia in verde&#8221;, mostra mercato al Giardino degli Ellebori"},"content":{"rendered":"<p><strong>Pietra Ligure<\/strong>. Il Giardino degli Ellebori di Pietra Ligure \u00e8 pronto per ospitare l&#8217;edizione numero 18 della &#8220;Mostra mercato dell&#8217;Elleboro&#8221;.<\/p>\n<p>Situato in via Nazario Sauro 144, il giardino sar\u00e0 aperto al pubblico per mostrare la pi\u00f9 grande e la pi\u00f9 antica raccolta di Ellebori d&#8217;Italia. Circa 370 variet\u00e0, collezionate negli ultimi 43 anni da Anna e Carla Barbaglia. Il tema centrale del 2012 saranno gli Ellebori verdi, come testimonia il titolo della mostra: &#8220;Sinfonia in verde&#8221;.<\/p>\n<p>L&#8217;ingresso \u00e8 libero. La mostra avr\u00e0 luogo tutte le domeniche, dalle 13 in poi, a partire da domenica 5 febbraio fino a domenica 1 aprile.<\/p>\n<p>Per informazioni \u00e8 possibile telefonare allo 019616721 o al 3339797765 o scrivere a <a href=\"mailto:annaecarlaellebori@alice.it\">annaecarlaellebori@alice.it<\/a><\/p>\n<p><em>Nella foto<\/em> di Anna Barbaglia: Ellebori verdi.<\/p>\n","protected":false},"excerpt":{"rendered":"<p>Pietra Ligure. Il Giardino degli Ellebori di Pietra Ligure \u00e8 pronto per ospitare l&#8217;edizione numero 18 della &#8220;Mostra mercato dell&#8217;Elleboro&#8221;. Situato in via Nazario Sauro 144, il giardino sar\u00e0 aperto al pubblico per mostrare la pi\u00f9 grande e la pi\u00f9 antica raccolta di Ellebori d&#8217;Italia. Circa 370 variet\u00e0, collezionate negli ultimi 43 anni da Anna [&hellip;]<\/p>\n","protected":false},"author":13744,"featured_media":0,"comment_status":"open","ping_status":"closed","sticky":false,"template":"","format":"standard","meta":{"footnotes":""},"categories":[],"tags":[1503,85830],"class_list":["post-210421","post","type-post","status-publish","format-standard","hentry","tag-mostre-mercato","tag-pietra-ligure","post_cat_citta-pietra-ligure"],"amp_validity":null,"amp_enabled":true,"_links":{"self":[{"href":"https:\/\/staging.ivg.it\/ediapi\/wp\/v2\/posts\/210421","targetHints":{"allow":["GET"]}}],"collection":[{"href":"https:\/\/staging.ivg.it\/ediapi\/wp\/v2\/posts"}],"about":[{"href":"https:\/\/staging.ivg.it\/ediapi\/wp\/v2\/types\/post"}],"author":[{"embeddable":true,"href":"https:\/\/staging.ivg.it\/ediapi\/wp\/v2\/users\/13744"}],"replies":[{"embeddable":true,"href":"https:\/\/staging.ivg.it\/ediapi\/wp\/v2\/comments?post=210421"}],"version-history":[{"count":0,"href":"https:\/\/staging.ivg.it\/ediapi\/wp\/v2\/posts\/210421\/revisions"}],"wp:attachment":[{"href":"https:\/\/staging.ivg.it\/ediapi\/wp\/v2\/media?parent=210421"}],"wp:term":[{"taxonomy":"category","embeddable":true,"href":"https:\/\/staging.ivg.it\/ediapi\/wp\/v2\/categories?post=210421"},{"taxonomy":"post_tag","embeddable":true,"href":"https:\/\/staging.ivg.it\/ediapi\/wp\/v2\/tags?post=210421"}],"curies":[{"name":"wp","href":"https:\/\/api.w.org\/{rel}","templated":true}]}}