{"id":210341,"date":"2012-01-31T12:06:20","date_gmt":"2012-01-31T11:06:20","guid":{"rendered":"http:\/\/www.ivg.it\/?p=210341"},"modified":"2012-02-01T08:14:05","modified_gmt":"2012-02-01T07:14:05","slug":"regione-liguria-pescatori-in-protesta-contro-licenza-a-punti-e-caro-gasolio-vogliamo-solo-lavorare","status":"publish","type":"post","link":"https:\/\/staging.ivg.it\/2012\/01\/regione-liguria-pescatori-in-protesta-contro-licenza-a-punti-e-caro-gasolio-vogliamo-solo-lavorare\/","title":{"rendered":"Regione Liguria, pescatori in protesta contro licenza a punti e caro gasolio: &#8220;Vogliamo solo lavorare&#8221;"},"content":{"rendered":"<p><strong>Regione<\/strong>. La sonora protesta dei pescatori approda in consiglio di regionale. Con le cassette vuote, striscioni di protesta, petardi e grida &#8220;lavoro, lavoro&#8221; gli operatori ittici hanno sfilato per il centro genovese sino a via Fieschi, manifestando contro il caro gasolio e il nuovo regolamento europeo della settore.<\/p>\n<p>I pescatori contestano in particolare la licenza a punti che il regolamento comunitario impone dal 2012, una questione cui si somma l&#8217;aumento del costo del carburante, con l&#8217;Iva salita al 21%. Chi infrange le regole dettate dall&#8217;Ue si vede decurtare i punti come sulla patente; la pi\u00f9 temuta dai pescatori \u00e8 la pesca di esemplari sottotaglia che vale 5 punti di penalit\u00e0.<\/p>\n<p>&#8220;Abbiamo partecipato in massa a questa mobilitazione, da tutte le province liguri, perch\u00e9 la situazione \u00e8 critica &#8211; sottolinea Sergio De Andreis, presidente dell&#8217;associazione pescatori di Loano &#8211; Qui non si tratta solo di uno sciopero delle barche: non possiamo prendere il mare, non possiamo esercitare il nostro lavoro. E&#8217; tutto proibito, e senza un criterio&#8221;.<\/p>\n<p>&#8220;La gente non lo sa, ma ci pensano gi\u00e0 gli altri a svuotare il mare: la flotta spagnola sta setacciando il Mar Ligure &#8211; prosegue &#8211; Le regole dell&#8217;Ue non sono state fatte guardando allo specifico. La piccola pesca \u00e8 tutta immobilizzata e non sappiamo cosa fare. Le altre Regioni hanno fatto i piani per la pesca, qui no. Da noi si fanno le &#8216;sperimentazioni&#8217;, come se per esempio i rossetti non fossero uguali dappertutto. Non vogliamo fare le cavie da sperimentazione&#8221;.<\/p>\n<p>&#8220;Il regolamento europeo stravolge totalmente la nostra attivit\u00e0; in parole povere per andare a pescare siamo costretti a commettere infrazioni. Siamo gente abituata al rispetto delle regole ma adesso, con questa licenza a punti, saremo costretti a infrangerle per lavorare. Ad un certo punto le nostre licenze saranno come carta straccia. Chiediamo quindi alla Regione che si attivi immediatamente e interpelli il Ministero perch\u00e9 sospenda questo decreto&#8221; spiega Stefano Briola, presidente della Cooperativa Pescatori Portofino.<\/p>\n<p>&#8220;Ci attendiamo poi che la Regione elabori piani di pesca che ci consentano appunto di operare all&#8217;interno delle regole e nel rispetto dell&#8217;ambiente marino&#8221; aggiunge Briola.<\/p>\n<p>&#8220;Cos\u00ec facendo non porteremo pi\u00f9 pesci &#8211; prosegue &#8211; Ho 25 anni. Qui c&#8217;\u00e8 gente anche giovane, con famiglie e bambini. Abbiamo fatto mutui per pagare le barche: ormai siamo fermi pi\u00f9 di una settimana. Chiediamo solo di lavorare come abbiamo sempre fatto e senza regole calate dall&#8217;alto che servono solo alle multinazionali&#8221;.<\/p>\n<p>&#8220;Certe regole sono fatte da persone che non conoscono nulla del Mar Ligure, delle nostre tecniche e delle nostre modalit\u00e0 di pesca. La nostra fonte di reddito, per noi, \u00e8 la pesca&#8221; osserva Briola.<\/p>\n<p>&#8220;Fanno le norme per l&#8217;oceano e la pesca intensiva, non per un &#8216;laghetto&#8217; quale \u00e8 il Mediterraneo. Non si pu\u00f2 fare confusione sulla pesca locale e costiera. La nostra categoria \u00e8 sul mare da 15 o 20 generazioni, se avessimo fatto danni ambientali, noi stessi saremmo estinti da secoli: e invece esistiamo ancora. Noi rispettiamo l&#8217;ambiente marino. Saremo invasi dai pesci importati&#8221; conclude.<\/p>\n","protected":false},"excerpt":{"rendered":"<p>Regione. La sonora protesta dei pescatori approda in consiglio di regionale. Con le cassette vuote, striscioni di protesta, petardi e grida &#8220;lavoro, lavoro&#8221; gli operatori ittici hanno sfilato per il centro genovese sino a via Fieschi, manifestando contro il caro gasolio e il nuovo regolamento europeo della settore. I pescatori contestano in particolare la licenza [&hellip;]<\/p>\n","protected":false},"author":13744,"featured_media":0,"comment_status":"open","ping_status":"closed","sticky":false,"template":"","format":"standard","meta":{"footnotes":""},"categories":[35],"tags":[510,781,295],"class_list":["post-210341","post","type-post","status-publish","format-standard","hentry","category-economia","tag-pesca","tag-protesta","tag-regione","post_cat_citta-andora","post_cat_citta-loano"],"amp_validity":null,"amp_enabled":true,"_links":{"self":[{"href":"https:\/\/staging.ivg.it\/ediapi\/wp\/v2\/posts\/210341","targetHints":{"allow":["GET"]}}],"collection":[{"href":"https:\/\/staging.ivg.it\/ediapi\/wp\/v2\/posts"}],"about":[{"href":"https:\/\/staging.ivg.it\/ediapi\/wp\/v2\/types\/post"}],"author":[{"embeddable":true,"href":"https:\/\/staging.ivg.it\/ediapi\/wp\/v2\/users\/13744"}],"replies":[{"embeddable":true,"href":"https:\/\/staging.ivg.it\/ediapi\/wp\/v2\/comments?post=210341"}],"version-history":[{"count":0,"href":"https:\/\/staging.ivg.it\/ediapi\/wp\/v2\/posts\/210341\/revisions"}],"wp:attachment":[{"href":"https:\/\/staging.ivg.it\/ediapi\/wp\/v2\/media?parent=210341"}],"wp:term":[{"taxonomy":"category","embeddable":true,"href":"https:\/\/staging.ivg.it\/ediapi\/wp\/v2\/categories?post=210341"},{"taxonomy":"post_tag","embeddable":true,"href":"https:\/\/staging.ivg.it\/ediapi\/wp\/v2\/tags?post=210341"}],"curies":[{"name":"wp","href":"https:\/\/api.w.org\/{rel}","templated":true}]}}