{"id":210292,"date":"2012-01-30T16:53:40","date_gmt":"2012-01-30T15:53:40","guid":{"rendered":"http:\/\/www.ivg.it\/?p=210292"},"modified":"2012-01-30T16:53:40","modified_gmt":"2012-01-30T15:53:40","slug":"savona-in-sala-rossa-la-conferenza-linverno-demografico-cause-e-conseguenze","status":"publish","type":"post","link":"https:\/\/staging.ivg.it\/2012\/01\/savona-in-sala-rossa-la-conferenza-linverno-demografico-cause-e-conseguenze\/","title":{"rendered":"Savona, in Sala Rossa la conferenza &#8220;L&#8217;inverno demografico, cause e conseguenze&#8221;"},"content":{"rendered":"<p><strong>Savona<\/strong>. &#8220;L&#8217;inverno demografico, cause e conseguenze&#8221; \u00e8 il titolo della conferenza-dibattito che si terr\u00e0 mercoeld\u00ec 3 febbraio alle 17, presso la Sala Rossa del Comune di Savona, sui temi della demografia.<\/p>\n<p>Interverranno Salvatore Garzarelli, direttore del dipartimento materno infantile dell&#8217;Asl2, Chiara Pronzato, ricercatrice in economia, Child, Univiersit\u00e0 di Torino e Domenico Saguato del Centro di documentazione &#8220;Logos&#8221;.<\/p>\n","protected":false},"excerpt":{"rendered":"<p>Savona. &#8220;L&#8217;inverno demografico, cause e conseguenze&#8221; \u00e8 il titolo della conferenza-dibattito che si terr\u00e0 mercoeld\u00ec 3 febbraio alle 17, presso la Sala Rossa del Comune di Savona, sui temi della demografia. Interverranno Salvatore Garzarelli, direttore del dipartimento materno infantile dell&#8217;Asl2, Chiara Pronzato, ricercatrice in economia, Child, Univiersit\u00e0 di Torino e Domenico Saguato del Centro di [&hellip;]<\/p>\n","protected":false},"author":13744,"featured_media":0,"comment_status":"open","ping_status":"closed","sticky":false,"template":"","format":"standard","meta":{"footnotes":""},"categories":[],"tags":[1927,86122,85850],"class_list":["post-210292","post","type-post","status-publish","format-standard","hentry","tag-demografia","tag-sala-rossa","tag-savona","post_cat_citta-savona"],"amp_validity":null,"amp_enabled":true,"_links":{"self":[{"href":"https:\/\/staging.ivg.it\/ediapi\/wp\/v2\/posts\/210292","targetHints":{"allow":["GET"]}}],"collection":[{"href":"https:\/\/staging.ivg.it\/ediapi\/wp\/v2\/posts"}],"about":[{"href":"https:\/\/staging.ivg.it\/ediapi\/wp\/v2\/types\/post"}],"author":[{"embeddable":true,"href":"https:\/\/staging.ivg.it\/ediapi\/wp\/v2\/users\/13744"}],"replies":[{"embeddable":true,"href":"https:\/\/staging.ivg.it\/ediapi\/wp\/v2\/comments?post=210292"}],"version-history":[{"count":0,"href":"https:\/\/staging.ivg.it\/ediapi\/wp\/v2\/posts\/210292\/revisions"}],"wp:attachment":[{"href":"https:\/\/staging.ivg.it\/ediapi\/wp\/v2\/media?parent=210292"}],"wp:term":[{"taxonomy":"category","embeddable":true,"href":"https:\/\/staging.ivg.it\/ediapi\/wp\/v2\/categories?post=210292"},{"taxonomy":"post_tag","embeddable":true,"href":"https:\/\/staging.ivg.it\/ediapi\/wp\/v2\/tags?post=210292"}],"curies":[{"name":"wp","href":"https:\/\/api.w.org\/{rel}","templated":true}]}}